{"id":974,"date":"2015-02-02T18:51:35","date_gmt":"2015-02-02T16:51:35","guid":{"rendered":"http:\/\/www.haciendadelalamo.es\/blog\/?p=974"},"modified":"2023-12-01T10:53:08","modified_gmt":"2023-12-01T08:53:08","slug":"proxima-gala-givers-gain-en-hacienda-del-alamo-alabardero","status":"publish","type":"post","link":"https:\/\/haciendadelalamo.es\/blog\/proxima-gala-givers-gain-en-hacienda-del-alamo-alabardero\/","title":{"rendered":"Pr\u00f3xima Gala \u00bb GIVERS GAIN \u00bb en Hacienda del \u00c1lamo &#038; Alabardero"},"content":{"rendered":"<p>&nbsp;<\/p>\n<p style=\"text-align: justify;\">El pr\u00f3ximo Viernes d\u00eda 13 de Febrero tendr\u00e1 lugar en Hacienda del \u00c1lamo la Gala Anual de BNI, la organizaci\u00f3n m\u00e1s importante de networking del mundo.<\/p>\n<p style=\"text-align: justify;\">A ella asistir\u00e1n todos los miembros de los diferentes grupos formados en estos 2 \u00faltimos a\u00f1os en la capital de la Costa del Sol as\u00ed como los recientemente inaugurados en importantes localidades como Marbella, Antequera o Velez M\u00e1laga.<\/p>\n<p style=\"text-align: justify;\">Ser\u00e1 una jornada para entablar nuevas relaciones, donde contaremos con la presencia de todos los Directores de zona y del Presidente Nacional.<\/p>\n<p style=\"text-align: justify;\">Despu\u00e9s de haber realizado los eventos del lanzamiento de los grupos BNI CREA y de BNI COMPARTE, Hacienda del \u00c1lamo tendr\u00e1 el honor de acoger un importante numero de empresarios de M\u00e1laga en una jornada cargada de \u00bb networking \u00bb y dise\u00f1ada para hacer negocio entre los miembros pertenecientes a esta organizaci\u00f3n.<\/p>\n<p><a href=\"https:\/\/haciendadelalamo.es\/blog\/wp-content\/uploads\/Evento-y-Cena-GIVERS-GAIN.pdf\">Evento y Cena GIVERS GAIN<\/a><\/p>\n","protected":false},"excerpt":{"rendered":"<p>&nbsp; El pr\u00f3ximo Viernes d\u00eda 13 de Febrero tendr\u00e1 lugar en Hacienda del \u00c1lamo la Gala Anual de BNI, la organizaci\u00f3n m\u00e1s importante de networking del mundo. A ella asistir\u00e1n todos los miembros de los diferentes grupos formados en estos 2 \u00faltimos a\u00f1os en la capital de la Costa del Sol as\u00ed como los recientemente [&hellip;]<\/p>\n","protected":false},"author":2,"featured_media":0,"comment_status":"open","ping_status":"closed","sticky":false,"template":"","format":"standard","meta":{"footnotes":""},"categories":[17],"tags":[],"yoast_head":"<!-- This site is optimized with the Yoast SEO plugin v21.6 - https:\/\/yoast.com\/wordpress\/plugins\/seo\/ -->\n<title>Pr\u00f3xima Gala &quot; GIVERS GAIN &quot; en Hacienda del \u00c1lamo &amp; Alabardero | Hacienda del \u00c1lamo<\/title>\n<meta name=\"robots\" content=\"noindex, nofollow\" \/>\n<meta property=\"og:locale\" content=\"es_ES\" \/>\n<meta property=\"og:type\" content=\"article\" \/>\n<meta property=\"og:title\" content=\"Pr\u00f3xima Gala &quot; GIVERS GAIN &quot; en Hacienda del \u00c1lamo &amp; Alabardero | Hacienda del \u00c1lamo\" \/>\n<meta property=\"og:description\" content=\"&nbsp; El pr\u00f3ximo Viernes d\u00eda 13 de Febrero tendr\u00e1 lugar en Hacienda del \u00c1lamo la Gala Anual de BNI, la organizaci\u00f3n m\u00e1s importante de networking del mundo. A ella asistir\u00e1n todos los miembros de los diferentes grupos formados en estos 2 \u00faltimos a\u00f1os en la capital de la Costa del Sol as\u00ed como los recientemente [&hellip;]\" \/>\n<meta property=\"og:url\" content=\"https:\/\/haciendadelalamo.es\/blog\/proxima-gala-givers-gain-en-hacienda-del-alamo-alabardero\/\" \/>\n<meta property=\"og:site_name\" content=\"Hacienda del \u00c1lamo\" \/>\n<meta property=\"article:published_time\" content=\"2015-02-02T16:51:35+00:00\" \/>\n<meta property=\"article:modified_time\" content=\"2023-12-01T08:53:08+00:00\" \/>\n<meta name=\"author\" content=\"Hacienda del Alamo\" \/>\n<meta name=\"twitter:card\" content=\"summary_large_image\" \/>\n<meta name=\"twitter:label1\" content=\"Escrito por\" \/>\n\t<meta name=\"twitter:data1\" content=\"Hacienda del Alamo\" \/>\n\t<meta name=\"twitter:label2\" content=\"Tiempo de lectura\" \/>\n\t<meta name=\"twitter:data2\" content=\"1 minuto\" \/>\n<script type=\"application\/ld+json\" class=\"yoast-schema-graph\">{\"@context\":\"https:\/\/schema.org\",\"@graph\":[{\"@type\":\"Article\",\"@id\":\"https:\/\/haciendadelalamo.es\/blog\/proxima-gala-givers-gain-en-hacienda-del-alamo-alabardero\/#article\",\"isPartOf\":{\"@id\":\"https:\/\/haciendadelalamo.es\/blog\/proxima-gala-givers-gain-en-hacienda-del-alamo-alabardero\/\"},\"author\":{\"name\":\"Hacienda del Alamo\",\"@id\":\"https:\/\/haciendadelalamo.es\/blog\/#\/schema\/person\/9d53a167b95c1fbb6c06a5fd64d263cb\"},\"headline\":\"Pr\u00f3xima Gala \u00bb GIVERS GAIN \u00bb en Hacienda del \u00c1lamo &#038; Alabardero\",\"datePublished\":\"2015-02-02T16:51:35+00:00\",\"dateModified\":\"2023-12-01T08:53:08+00:00\",\"mainEntityOfPage\":{\"@id\":\"https:\/\/haciendadelalamo.es\/blog\/proxima-gala-givers-gain-en-hacienda-del-alamo-alabardero\/\"},\"wordCount\":161,\"commentCount\":0,\"publisher\":{\"@id\":\"https:\/\/haciendadelalamo.es\/blog\/#organization\"},\"articleSection\":[\"Eventos\"],\"inLanguage\":\"es\",\"potentialAction\":[{\"@type\":\"CommentAction\",\"name\":\"Comment\",\"target\":[\"https:\/\/haciendadelalamo.es\/blog\/proxima-gala-givers-gain-en-hacienda-del-alamo-alabardero\/#respond\"]}]},{\"@type\":\"WebPage\",\"@id\":\"https:\/\/haciendadelalamo.es\/blog\/proxima-gala-givers-gain-en-hacienda-del-alamo-alabardero\/\",\"url\":\"https:\/\/haciendadelalamo.es\/blog\/proxima-gala-givers-gain-en-hacienda-del-alamo-alabardero\/\",\"name\":\"Pr\u00f3xima Gala \\\" GIVERS GAIN \\\" en Hacienda del \u00c1lamo & Alabardero | Hacienda del \u00c1lamo\",\"isPartOf\":{\"@id\":\"https:\/\/haciendadelalamo.es\/blog\/#website\"},\"datePublished\":\"2015-02-02T16:51:35+00:00\",\"dateModified\":\"2023-12-01T08:53:08+00:00\",\"breadcrumb\":{\"@id\":\"https:\/\/haciendadelalamo.es\/blog\/proxima-gala-givers-gain-en-hacienda-del-alamo-alabardero\/#breadcrumb\"},\"inLanguage\":\"es\",\"potentialAction\":[{\"@type\":\"ReadAction\",\"target\":[\"https:\/\/haciendadelalamo.es\/blog\/proxima-gala-givers-gain-en-hacienda-del-alamo-alabardero\/\"]}]},{\"@type\":\"BreadcrumbList\",\"@id\":\"https:\/\/haciendadelalamo.es\/blog\/proxima-gala-givers-gain-en-hacienda-del-alamo-alabardero\/#breadcrumb\",\"itemListElement\":[{\"@type\":\"ListItem\",\"position\":1,\"name\":\"Portada\",\"item\":\"https:\/\/haciendadelalamo.es\/blog\/\"},{\"@type\":\"ListItem\",\"position\":2,\"name\":\"Pr\u00f3xima Gala \u00bb GIVERS GAIN \u00bb en Hacienda del \u00c1lamo &#038; Alabardero\"}]},{\"@type\":\"WebSite\",\"@id\":\"https:\/\/haciendadelalamo.es\/blog\/#website\",\"url\":\"https:\/\/haciendadelalamo.es\/blog\/\",\"name\":\"Hacienda del \u00c1lamo\",\"description\":\"Blog\",\"publisher\":{\"@id\":\"https:\/\/haciendadelalamo.es\/blog\/#organization\"},\"potentialAction\":[{\"@type\":\"SearchAction\",\"target\":{\"@type\":\"EntryPoint\",\"urlTemplate\":\"https:\/\/haciendadelalamo.es\/blog\/?s={search_term_string}\"},\"query-input\":\"required name=search_term_string\"}],\"inLanguage\":\"es\"},{\"@type\":\"Organization\",\"@id\":\"https:\/\/haciendadelalamo.es\/blog\/#organization\",\"name\":\"Hacienda del \u00c1lamo\",\"url\":\"https:\/\/haciendadelalamo.es\/blog\/\",\"logo\":{\"@type\":\"ImageObject\",\"inLanguage\":\"es\",\"@id\":\"https:\/\/haciendadelalamo.es\/blog\/#\/schema\/logo\/image\/\",\"url\":\"https:\/\/haciendadelalamo.es\/blog\/wp-content\/uploads\/logo-hacienda-del-alamo.png\",\"contentUrl\":\"https:\/\/haciendadelalamo.es\/blog\/wp-content\/uploads\/logo-hacienda-del-alamo.png\",\"width\":250,\"height\":163,\"caption\":\"Hacienda del \u00c1lamo\"},\"image\":{\"@id\":\"https:\/\/haciendadelalamo.es\/blog\/#\/schema\/logo\/image\/\"}},{\"@type\":\"Person\",\"@id\":\"https:\/\/haciendadelalamo.es\/blog\/#\/schema\/person\/9d53a167b95c1fbb6c06a5fd64d263cb\",\"name\":\"Hacienda del Alamo\",\"image\":{\"@type\":\"ImageObject\",\"inLanguage\":\"es\",\"@id\":\"https:\/\/haciendadelalamo.es\/blog\/#\/schema\/person\/image\/\",\"url\":\"https:\/\/secure.gravatar.com\/avatar\/4c42b2e3bfe1808a2ffd0058abbbc2b9?s=96&d=mm&r=g\",\"contentUrl\":\"https:\/\/secure.gravatar.com\/avatar\/4c42b2e3bfe1808a2ffd0058abbbc2b9?s=96&d=mm&r=g\",\"caption\":\"Hacienda del Alamo\"},\"sameAs\":[\"http:\/\/www.haciendadelalamo.es\"]}]}<\/script>\n<!-- \/ Yoast SEO plugin. -->","yoast_head_json":{"title":"Pr\u00f3xima Gala \" GIVERS GAIN \" en Hacienda del \u00c1lamo & Alabardero | Hacienda del \u00c1lamo","robots":{"index":"noindex","follow":"nofollow"},"og_locale":"es_ES","og_type":"article","og_title":"Pr\u00f3xima Gala \" GIVERS GAIN \" en Hacienda del \u00c1lamo & Alabardero | Hacienda del \u00c1lamo","og_description":"&nbsp; El pr\u00f3ximo Viernes d\u00eda 13 de Febrero tendr\u00e1 lugar en Hacienda del \u00c1lamo la Gala Anual de BNI, la organizaci\u00f3n m\u00e1s importante de networking del mundo. A ella asistir\u00e1n todos los miembros de los diferentes grupos formados en estos 2 \u00faltimos a\u00f1os en la capital de la Costa del Sol as\u00ed como los recientemente [&hellip;]","og_url":"https:\/\/haciendadelalamo.es\/blog\/proxima-gala-givers-gain-en-hacienda-del-alamo-alabardero\/","og_site_name":"Hacienda del \u00c1lamo","article_published_time":"2015-02-02T16:51:35+00:00","article_modified_time":"2023-12-01T08:53:08+00:00","author":"Hacienda del Alamo","twitter_card":"summary_large_image","twitter_misc":{"Escrito por":"Hacienda del Alamo","Tiempo de lectura":"1 minuto"},"schema":{"@context":"https:\/\/schema.org","@graph":[{"@type":"Article","@id":"https:\/\/haciendadelalamo.es\/blog\/proxima-gala-givers-gain-en-hacienda-del-alamo-alabardero\/#article","isPartOf":{"@id":"https:\/\/haciendadelalamo.es\/blog\/proxima-gala-givers-gain-en-hacienda-del-alamo-alabardero\/"},"author":{"name":"Hacienda del Alamo","@id":"https:\/\/haciendadelalamo.es\/blog\/#\/schema\/person\/9d53a167b95c1fbb6c06a5fd64d263cb"},"headline":"Pr\u00f3xima Gala \u00bb GIVERS GAIN \u00bb en Hacienda del \u00c1lamo &#038; Alabardero","datePublished":"2015-02-02T16:51:35+00:00","dateModified":"2023-12-01T08:53:08+00:00","mainEntityOfPage":{"@id":"https:\/\/haciendadelalamo.es\/blog\/proxima-gala-givers-gain-en-hacienda-del-alamo-alabardero\/"},"wordCount":161,"commentCount":0,"publisher":{"@id":"https:\/\/haciendadelalamo.es\/blog\/#organization"},"articleSection":["Eventos"],"inLanguage":"es","potentialAction":[{"@type":"CommentAction","name":"Comment","target":["https:\/\/haciendadelalamo.es\/blog\/proxima-gala-givers-gain-en-hacienda-del-alamo-alabardero\/#respond"]}]},{"@type":"WebPage","@id":"https:\/\/haciendadelalamo.es\/blog\/proxima-gala-givers-gain-en-hacienda-del-alamo-alabardero\/","url":"https:\/\/haciendadelalamo.es\/blog\/proxima-gala-givers-gain-en-hacienda-del-alamo-alabardero\/","name":"Pr\u00f3xima Gala \" GIVERS GAIN \" en Hacienda del \u00c1lamo & Alabardero | Hacienda del \u00c1lamo","isPartOf":{"@id":"https:\/\/haciendadelalamo.es\/blog\/#website"},"datePublished":"2015-02-02T16:51:35+00:00","dateModified":"2023-12-01T08:53:08+00:00","breadcrumb":{"@id":"https:\/\/haciendadelalamo.es\/blog\/proxima-gala-givers-gain-en-hacienda-del-alamo-alabardero\/#breadcrumb"},"inLanguage":"es","potentialAction":[{"@type":"ReadAction","target":["https:\/\/haciendadelalamo.es\/blog\/proxima-gala-givers-gain-en-hacienda-del-alamo-alabardero\/"]}]},{"@type":"BreadcrumbList","@id":"https:\/\/haciendadelalamo.es\/blog\/proxima-gala-givers-gain-en-hacienda-del-alamo-alabardero\/#breadcrumb","itemListElement":[{"@type":"ListItem","position":1,"name":"Portada","item":"https:\/\/haciendadelalamo.es\/blog\/"},{"@type":"ListItem","position":2,"name":"Pr\u00f3xima Gala \u00bb GIVERS GAIN \u00bb en Hacienda del \u00c1lamo &#038; Alabardero"}]},{"@type":"WebSite","@id":"https:\/\/haciendadelalamo.es\/blog\/#website","url":"https:\/\/haciendadelalamo.es\/blog\/","name":"Hacienda del \u00c1lamo","description":"Blog","publisher":{"@id":"https:\/\/haciendadelalamo.es\/blog\/#organization"},"potentialAction":[{"@type":"SearchAction","target":{"@type":"EntryPoint","urlTemplate":"https:\/\/haciendadelalamo.es\/blog\/?s={search_term_string}"},"query-input":"required name=search_term_string"}],"inLanguage":"es"},{"@type":"Organization","@id":"https:\/\/haciendadelalamo.es\/blog\/#organization","name":"Hacienda del \u00c1lamo","url":"https:\/\/haciendadelalamo.es\/blog\/","logo":{"@type":"ImageObject","inLanguage":"es","@id":"https:\/\/haciendadelalamo.es\/blog\/#\/schema\/logo\/image\/","url":"https:\/\/haciendadelalamo.es\/blog\/wp-content\/uploads\/logo-hacienda-del-alamo.png","contentUrl":"https:\/\/haciendadelalamo.es\/blog\/wp-content\/uploads\/logo-hacienda-del-alamo.png","width":250,"height":163,"caption":"Hacienda del \u00c1lamo"},"image":{"@id":"https:\/\/haciendadelalamo.es\/blog\/#\/schema\/logo\/image\/"}},{"@type":"Person","@id":"https:\/\/haciendadelalamo.es\/blog\/#\/schema\/person\/9d53a167b95c1fbb6c06a5fd64d263cb","name":"Hacienda del Alamo","image":{"@type":"ImageObject","inLanguage":"es","@id":"https:\/\/haciendadelalamo.es\/blog\/#\/schema\/person\/image\/","url":"https:\/\/secure.gravatar.com\/avatar\/4c42b2e3bfe1808a2ffd0058abbbc2b9?s=96&d=mm&r=g","contentUrl":"https:\/\/secure.gravatar.com\/avatar\/4c42b2e3bfe1808a2ffd0058abbbc2b9?s=96&d=mm&r=g","caption":"Hacienda del Alamo"},"sameAs":["http:\/\/www.haciendadelalamo.es"]}]}},"_links":{"self":[{"href":"https:\/\/haciendadelalamo.es\/blog\/wp-json\/wp\/v2\/posts\/974"}],"collection":[{"href":"https:\/\/haciendadelalamo.es\/blog\/wp-json\/wp\/v2\/posts"}],"about":[{"href":"https:\/\/haciendadelalamo.es\/blog\/wp-json\/wp\/v2\/types\/post"}],"author":[{"embeddable":true,"href":"https:\/\/haciendadelalamo.es\/blog\/wp-json\/wp\/v2\/users\/2"}],"replies":[{"embeddable":true,"href":"https:\/\/haciendadelalamo.es\/blog\/wp-json\/wp\/v2\/comments?post=974"}],"version-history":[{"count":7,"href":"https:\/\/haciendadelalamo.es\/blog\/wp-json\/wp\/v2\/posts\/974\/revisions"}],"predecessor-version":[{"id":2060,"href":"https:\/\/haciendadelalamo.es\/blog\/wp-json\/wp\/v2\/posts\/974\/revisions\/2060"}],"wp:attachment":[{"href":"https:\/\/haciendadelalamo.es\/blog\/wp-json\/wp\/v2\/media?parent=974"}],"wp:term":[{"taxonomy":"category","embeddable":true,"href":"https:\/\/haciendadelalamo.es\/blog\/wp-json\/wp\/v2\/categories?post=974"},{"taxonomy":"post_tag","embeddable":true,"href":"https:\/\/haciendadelalamo.es\/blog\/wp-json\/wp\/v2\/tags?post=974"}],"curies":[{"name":"wp","href":"https:\/\/api.w.org\/{rel}","templated":true}]}}