{"id":1814,"date":"2019-03-27T16:57:37","date_gmt":"2019-03-27T14:57:37","guid":{"rendered":"http:\/\/www.haciendadelalamo.es\/blog\/?p=1814"},"modified":"2020-12-17T19:14:47","modified_gmt":"2020-12-17T17:14:47","slug":"5-razones-para-celebrar-tu-boda-en-primavera","status":"publish","type":"post","link":"https:\/\/haciendadelalamo.es\/blog\/5-razones-para-celebrar-tu-boda-en-primavera\/","title":{"rendered":"5 razones para celebrar tu boda en primavera"},"content":{"rendered":"<p>La fecha de la boda es una de las primeras decisiones que tomar\u00e9is para despu\u00e9s poner en marcha todo lo dem\u00e1s. Hacienda del \u00c1lamo, esta finca para bodas y eventos en M\u00e1laga, es un espacio ideal para celebrar tu boda en cualquier \u00e9poca del a\u00f1o gracias a la versatilidad de sus instalaciones y la variedad de ubicaciones entre las que elegir. Lo que s\u00ed os tenemos que reconocer es que la primavera es una \u00e9poca del a\u00f1o que nos encanta y en la que nuestra finca luce preciosa. No obstante, en Hacienda del \u00c1lamo nos gustan todas las \u00e9pocas del a\u00f1o para celebrar una boda, porque cada una tiene su personalidad y su peculiaridad, y aqu\u00ed se convierten en m\u00e1gicas todas ellas. Pero hoy, toca hablar de las primaverales J<\/p>\n<p>Si est\u00e1is leyendo estas l\u00edneas y a\u00fan est\u00e1is pensando en qu\u00e9 estaci\u00f3n del a\u00f1o os gustar\u00eda celebrar vuestra boda, \u00a1qu\u00e9date por aqu\u00ed!<\/p>\n<p>A continuaci\u00f3n, os damos <strong>5 razones por las que celebrar una boda en primavera<\/strong>:<\/p>\n<ol>\n<li><strong>El clima<\/strong><\/li>\n<\/ol>\n<p>M\u00e1laga puede presumir por muchos motivos, pero uno de ellos es el clima. En primavera se disfruta de temperaturas c\u00e1lidas y los rayos de sol brillan cargados de buenas energ\u00edas. Un d\u00eda claro y soleado es lo que te va a permitir sacar un gran provecho del d\u00eda m\u00e1s feliz de vuestras vidas. Los meses de primavera son los intermedios entre el fr\u00edo y el calor, algo que buscan muchas de nuestras parejas.<\/p>\n<p>Y si llueve, como bien conocido es el dicho \u201cen abril, aguas mil\u201d, en Hacienda del \u00c1lamo buscamos y ofrecemos tambi\u00e9n la oportunidad de que la lluvia no sea un problema y no estropee ni por asomo vuestro d\u00eda. Contamos con amplios espacios acristalados y acondicionados para todo tipo de \u201cplanes B\u201d, que se pondr\u00e1n en marcha cuando el tiempo no permita el uso del espacio exterior.<\/p>\n<p><a href=\"https:\/\/haciendadelalamo.es\/blog\/wp-content\/uploads\/jb-foto-20.jpg\"><img decoding=\"async\" loading=\"lazy\" class=\"aligncenter size-full wp-image-1815\" src=\"https:\/\/haciendadelalamo.es\/blog\/wp-content\/uploads\/jb-foto-20.jpg\" alt=\"jb foto (20)\" width=\"5179\" height=\"3453\" srcset=\"https:\/\/haciendadelalamo.es\/blog\/wp-content\/uploads\/jb-foto-20.jpg 5179w, https:\/\/haciendadelalamo.es\/blog\/wp-content\/uploads\/jb-foto-20-300x200.jpg 300w, https:\/\/haciendadelalamo.es\/blog\/wp-content\/uploads\/jb-foto-20-768x512.jpg 768w, https:\/\/haciendadelalamo.es\/blog\/wp-content\/uploads\/jb-foto-20-1024x683.jpg 1024w\" sizes=\"(max-width: 5179px) 100vw, 5179px\" \/><\/a><\/p>\n<ol start=\"2\">\n<li><strong>Las flores<\/strong><\/li>\n<\/ol>\n<p>Son muchas las especies que brotan en los meses de marzo, abril, mayo y junio. Tras el largo invierno, la naturaleza florece, se hace protagonista y los espacios se vuelven radiantes. La primavera es sin\u00f3nimo de nuevos comienzos, \u00a1como el vuestro al casaros! Hacienda del \u00c1lamo se llena de alegr\u00eda y color, se respira una energ\u00eda que merece la pena experimentar y los eventos en M\u00e1laga que se celebran entre sus jardines cobran una atm\u00f3sfera m\u00e1gica y vivimos un aut\u00e9ntico espect\u00e1culo de flores y diversidad de especies.<\/p>\n<p><a href=\"https:\/\/haciendadelalamo.es\/blog\/wp-content\/uploads\/27751469_1192253414211714_4322820979976380298_n.jpg\"><img decoding=\"async\" loading=\"lazy\" class=\"aligncenter size-full wp-image-1816\" src=\"https:\/\/haciendadelalamo.es\/blog\/wp-content\/uploads\/27751469_1192253414211714_4322820979976380298_n.jpg\" alt=\"27751469_1192253414211714_4322820979976380298_n\" width=\"960\" height=\"720\" srcset=\"https:\/\/haciendadelalamo.es\/blog\/wp-content\/uploads\/27751469_1192253414211714_4322820979976380298_n.jpg 960w, https:\/\/haciendadelalamo.es\/blog\/wp-content\/uploads\/27751469_1192253414211714_4322820979976380298_n-300x225.jpg 300w, https:\/\/haciendadelalamo.es\/blog\/wp-content\/uploads\/27751469_1192253414211714_4322820979976380298_n-768x576.jpg 768w\" sizes=\"(max-width: 960px) 100vw, 960px\" \/><\/a><\/p>\n<ol start=\"3\">\n<li><strong>La luz<\/strong><\/li>\n<\/ol>\n<p>Son varios los escenarios que os podemos ofrecer para la celebraci\u00f3n de vuestra boda en primavera en Hacienda del \u00c1lamo, pero todos tienen un denominador com\u00fan: la maravillosa luz. La luz de primavera es clara, limpia y alegre. Adem\u00e1s, los d\u00edas son m\u00e1s largos, hay m\u00e1s horas de luz y sus matices son especialmente bonitos para conseguir unas fotos maravillosas del gran d\u00eda.<\/p>\n<p><a href=\"https:\/\/haciendadelalamo.es\/blog\/wp-content\/uploads\/Evento-Merz-2.jpg\"><img decoding=\"async\" loading=\"lazy\" class=\"aligncenter size-full wp-image-1817\" src=\"https:\/\/haciendadelalamo.es\/blog\/wp-content\/uploads\/Evento-Merz-2.jpg\" alt=\"Evento Merz 2\" width=\"5547\" height=\"3698\" srcset=\"https:\/\/haciendadelalamo.es\/blog\/wp-content\/uploads\/Evento-Merz-2.jpg 5547w, https:\/\/haciendadelalamo.es\/blog\/wp-content\/uploads\/Evento-Merz-2-300x200.jpg 300w, https:\/\/haciendadelalamo.es\/blog\/wp-content\/uploads\/Evento-Merz-2-768x512.jpg 768w, https:\/\/haciendadelalamo.es\/blog\/wp-content\/uploads\/Evento-Merz-2-1024x683.jpg 1024w\" sizes=\"(max-width: 5547px) 100vw, 5547px\" \/><\/a><\/p>\n<ol start=\"4\">\n<li><strong>La decoraci\u00f3n<\/strong><\/li>\n<\/ol>\n<p>\u00a1Viva el color! \u00a1Viva la variedad! En primavera todo vale. Toda la decoraci\u00f3n en general puede contener elementos caracter\u00edsticos de esta alegre estaci\u00f3n. Centros de mesa \u00fanicos, un\u00a0\u201c<a href=\"https:\/\/www.enfemenino.com\/organizacion\/como-organizar-un-seating-plan-s1925281.html\">seating plan<\/a>\u201d\u00a0campestre, unos arcos florales que delimiten los diferentes espacios, tarritos de cristal con flores en su interior, detalles de mimbre, sillas y mesas en tonos blancos, etc. \u00a1Cualquier elemento que recuerde a la naturaleza encajar\u00e1 a la perfecci\u00f3n!<\/p>\n<p><a href=\"https:\/\/haciendadelalamo.es\/blog\/wp-content\/uploads\/53896972_1640495802720804_1840073549927153664_n.jpg\"><img decoding=\"async\" loading=\"lazy\" class=\"aligncenter size-full wp-image-1819\" src=\"https:\/\/haciendadelalamo.es\/blog\/wp-content\/uploads\/53896972_1640495802720804_1840073549927153664_n.jpg\" alt=\"53896972_1640495802720804_1840073549927153664_n\" width=\"720\" height=\"960\" srcset=\"https:\/\/haciendadelalamo.es\/blog\/wp-content\/uploads\/53896972_1640495802720804_1840073549927153664_n.jpg 720w, https:\/\/haciendadelalamo.es\/blog\/wp-content\/uploads\/53896972_1640495802720804_1840073549927153664_n-225x300.jpg 225w\" sizes=\"(max-width: 720px) 100vw, 720px\" \/><\/a><\/p>\n<ol start=\"5\">\n<li><strong>El buen \u00e1nimo<\/strong><\/li>\n<\/ol>\n<p>\u00a1La primavera nos pone de buen humor! Y todos estamos m\u00e1s felices y alegres. Cuando se acerca y empieza la primavera se genera un buen \u00e1nimo general que debemos aprovechar en todos los \u00e1mbitos, incluido en el de las bodas y eventos.<\/p>\n<p><a href=\"https:\/\/haciendadelalamo.es\/blog\/wp-content\/uploads\/21752790_1072673016169755_754817071901501125_o.jpg\"><img decoding=\"async\" loading=\"lazy\" class=\"aligncenter size-full wp-image-1820\" src=\"https:\/\/haciendadelalamo.es\/blog\/wp-content\/uploads\/21752790_1072673016169755_754817071901501125_o.jpg\" alt=\"21752790_1072673016169755_754817071901501125_o\" width=\"1440\" height=\"959\" srcset=\"https:\/\/haciendadelalamo.es\/blog\/wp-content\/uploads\/21752790_1072673016169755_754817071901501125_o.jpg 1440w, https:\/\/haciendadelalamo.es\/blog\/wp-content\/uploads\/21752790_1072673016169755_754817071901501125_o-300x200.jpg 300w, https:\/\/haciendadelalamo.es\/blog\/wp-content\/uploads\/21752790_1072673016169755_754817071901501125_o-768x511.jpg 768w, https:\/\/haciendadelalamo.es\/blog\/wp-content\/uploads\/21752790_1072673016169755_754817071901501125_o-1024x682.jpg 1024w\" sizes=\"(max-width: 1440px) 100vw, 1440px\" \/><\/a><\/p>\n<p>Y tras estas 5 razones, \u00bfte animas a celebrar tu boda en primavera? \ud83d\ude09<\/p>\n","protected":false},"excerpt":{"rendered":"<p>La fecha de la boda es una de las primeras decisiones que tomar\u00e9is para despu\u00e9s poner en marcha todo lo dem\u00e1s. Hacienda del \u00c1lamo, esta finca para bodas y eventos en M\u00e1laga, es un espacio ideal para celebrar tu boda en cualquier \u00e9poca del a\u00f1o gracias a la versatilidad de sus instalaciones y la variedad [&hellip;]<\/p>\n","protected":false},"author":2,"featured_media":1822,"comment_status":"open","ping_status":"closed","sticky":false,"template":"","format":"standard","meta":{"footnotes":""},"categories":[48],"tags":[],"yoast_head":"<!-- This site is optimized with the Yoast SEO plugin v21.6 - https:\/\/yoast.com\/wordpress\/plugins\/seo\/ -->\n<title>5 razones para celebrar tu boda en primavera | Hacienda del \u00c1lamo<\/title>\n<meta name=\"robots\" content=\"index, follow, max-snippet:-1, max-image-preview:large, max-video-preview:-1\" \/>\n<link rel=\"canonical\" href=\"https:\/\/haciendadelalamo.es\/blog\/5-razones-para-celebrar-tu-boda-en-primavera\/\" \/>\n<meta property=\"og:locale\" content=\"es_ES\" \/>\n<meta property=\"og:type\" content=\"article\" \/>\n<meta property=\"og:title\" content=\"5 razones para celebrar tu boda en primavera | Hacienda del \u00c1lamo\" \/>\n<meta property=\"og:description\" content=\"La fecha de la boda es una de las primeras decisiones que tomar\u00e9is para despu\u00e9s poner en marcha todo lo dem\u00e1s. Hacienda del \u00c1lamo, esta finca para bodas y eventos en M\u00e1laga, es un espacio ideal para celebrar tu boda en cualquier \u00e9poca del a\u00f1o gracias a la versatilidad de sus instalaciones y la variedad [&hellip;]\" \/>\n<meta property=\"og:url\" content=\"https:\/\/haciendadelalamo.es\/blog\/5-razones-para-celebrar-tu-boda-en-primavera\/\" \/>\n<meta property=\"og:site_name\" content=\"Hacienda del \u00c1lamo\" \/>\n<meta property=\"article:published_time\" content=\"2019-03-27T14:57:37+00:00\" \/>\n<meta property=\"article:modified_time\" content=\"2020-12-17T17:14:47+00:00\" \/>\n<meta property=\"og:image\" content=\"https:\/\/haciendadelalamo.es\/blog\/wp-content\/uploads\/53597389_1640495896054128_755861042336104448_n.jpg\" \/>\n\t<meta property=\"og:image:width\" content=\"720\" \/>\n\t<meta property=\"og:image:height\" content=\"960\" \/>\n\t<meta property=\"og:image:type\" content=\"image\/jpeg\" \/>\n<meta name=\"author\" content=\"Hacienda del Alamo\" \/>\n<meta name=\"twitter:card\" content=\"summary_large_image\" \/>\n<meta name=\"twitter:label1\" content=\"Escrito por\" \/>\n\t<meta name=\"twitter:data1\" content=\"Hacienda del Alamo\" \/>\n\t<meta name=\"twitter:label2\" content=\"Tiempo de lectura\" \/>\n\t<meta name=\"twitter:data2\" content=\"3 minutos\" \/>\n<script type=\"application\/ld+json\" class=\"yoast-schema-graph\">{\"@context\":\"https:\/\/schema.org\",\"@graph\":[{\"@type\":\"Article\",\"@id\":\"https:\/\/haciendadelalamo.es\/blog\/5-razones-para-celebrar-tu-boda-en-primavera\/#article\",\"isPartOf\":{\"@id\":\"https:\/\/haciendadelalamo.es\/blog\/5-razones-para-celebrar-tu-boda-en-primavera\/\"},\"author\":{\"name\":\"Hacienda del Alamo\",\"@id\":\"https:\/\/haciendadelalamo.es\/blog\/#\/schema\/person\/9d53a167b95c1fbb6c06a5fd64d263cb\"},\"headline\":\"5 razones para celebrar tu boda en primavera\",\"datePublished\":\"2019-03-27T14:57:37+00:00\",\"dateModified\":\"2020-12-17T17:14:47+00:00\",\"mainEntityOfPage\":{\"@id\":\"https:\/\/haciendadelalamo.es\/blog\/5-razones-para-celebrar-tu-boda-en-primavera\/\"},\"wordCount\":643,\"commentCount\":0,\"publisher\":{\"@id\":\"https:\/\/haciendadelalamo.es\/blog\/#organization\"},\"articleSection\":[\"Consejos\"],\"inLanguage\":\"es\",\"potentialAction\":[{\"@type\":\"CommentAction\",\"name\":\"Comment\",\"target\":[\"https:\/\/haciendadelalamo.es\/blog\/5-razones-para-celebrar-tu-boda-en-primavera\/#respond\"]}]},{\"@type\":\"WebPage\",\"@id\":\"https:\/\/haciendadelalamo.es\/blog\/5-razones-para-celebrar-tu-boda-en-primavera\/\",\"url\":\"https:\/\/haciendadelalamo.es\/blog\/5-razones-para-celebrar-tu-boda-en-primavera\/\",\"name\":\"5 razones para celebrar tu boda en primavera | Hacienda del \u00c1lamo\",\"isPartOf\":{\"@id\":\"https:\/\/haciendadelalamo.es\/blog\/#website\"},\"datePublished\":\"2019-03-27T14:57:37+00:00\",\"dateModified\":\"2020-12-17T17:14:47+00:00\",\"breadcrumb\":{\"@id\":\"https:\/\/haciendadelalamo.es\/blog\/5-razones-para-celebrar-tu-boda-en-primavera\/#breadcrumb\"},\"inLanguage\":\"es\",\"potentialAction\":[{\"@type\":\"ReadAction\",\"target\":[\"https:\/\/haciendadelalamo.es\/blog\/5-razones-para-celebrar-tu-boda-en-primavera\/\"]}]},{\"@type\":\"BreadcrumbList\",\"@id\":\"https:\/\/haciendadelalamo.es\/blog\/5-razones-para-celebrar-tu-boda-en-primavera\/#breadcrumb\",\"itemListElement\":[{\"@type\":\"ListItem\",\"position\":1,\"name\":\"Portada\",\"item\":\"https:\/\/haciendadelalamo.es\/blog\/\"},{\"@type\":\"ListItem\",\"position\":2,\"name\":\"5 razones para celebrar tu boda en primavera\"}]},{\"@type\":\"WebSite\",\"@id\":\"https:\/\/haciendadelalamo.es\/blog\/#website\",\"url\":\"https:\/\/haciendadelalamo.es\/blog\/\",\"name\":\"Hacienda del \u00c1lamo\",\"description\":\"Blog\",\"publisher\":{\"@id\":\"https:\/\/haciendadelalamo.es\/blog\/#organization\"},\"potentialAction\":[{\"@type\":\"SearchAction\",\"target\":{\"@type\":\"EntryPoint\",\"urlTemplate\":\"https:\/\/haciendadelalamo.es\/blog\/?s={search_term_string}\"},\"query-input\":\"required name=search_term_string\"}],\"inLanguage\":\"es\"},{\"@type\":\"Organization\",\"@id\":\"https:\/\/haciendadelalamo.es\/blog\/#organization\",\"name\":\"Hacienda del \u00c1lamo\",\"url\":\"https:\/\/haciendadelalamo.es\/blog\/\",\"logo\":{\"@type\":\"ImageObject\",\"inLanguage\":\"es\",\"@id\":\"https:\/\/haciendadelalamo.es\/blog\/#\/schema\/logo\/image\/\",\"url\":\"https:\/\/haciendadelalamo.es\/blog\/wp-content\/uploads\/logo-hacienda-del-alamo.png\",\"contentUrl\":\"https:\/\/haciendadelalamo.es\/blog\/wp-content\/uploads\/logo-hacienda-del-alamo.png\",\"width\":250,\"height\":163,\"caption\":\"Hacienda del \u00c1lamo\"},\"image\":{\"@id\":\"https:\/\/haciendadelalamo.es\/blog\/#\/schema\/logo\/image\/\"}},{\"@type\":\"Person\",\"@id\":\"https:\/\/haciendadelalamo.es\/blog\/#\/schema\/person\/9d53a167b95c1fbb6c06a5fd64d263cb\",\"name\":\"Hacienda del Alamo\",\"image\":{\"@type\":\"ImageObject\",\"inLanguage\":\"es\",\"@id\":\"https:\/\/haciendadelalamo.es\/blog\/#\/schema\/person\/image\/\",\"url\":\"https:\/\/secure.gravatar.com\/avatar\/4c42b2e3bfe1808a2ffd0058abbbc2b9?s=96&d=mm&r=g\",\"contentUrl\":\"https:\/\/secure.gravatar.com\/avatar\/4c42b2e3bfe1808a2ffd0058abbbc2b9?s=96&d=mm&r=g\",\"caption\":\"Hacienda del Alamo\"},\"sameAs\":[\"http:\/\/www.haciendadelalamo.es\"]}]}<\/script>\n<!-- \/ Yoast SEO plugin. -->","yoast_head_json":{"title":"5 razones para celebrar tu boda en primavera | Hacienda del \u00c1lamo","robots":{"index":"index","follow":"follow","max-snippet":"max-snippet:-1","max-image-preview":"max-image-preview:large","max-video-preview":"max-video-preview:-1"},"canonical":"https:\/\/haciendadelalamo.es\/blog\/5-razones-para-celebrar-tu-boda-en-primavera\/","og_locale":"es_ES","og_type":"article","og_title":"5 razones para celebrar tu boda en primavera | Hacienda del \u00c1lamo","og_description":"La fecha de la boda es una de las primeras decisiones que tomar\u00e9is para despu\u00e9s poner en marcha todo lo dem\u00e1s. Hacienda del \u00c1lamo, esta finca para bodas y eventos en M\u00e1laga, es un espacio ideal para celebrar tu boda en cualquier \u00e9poca del a\u00f1o gracias a la versatilidad de sus instalaciones y la variedad [&hellip;]","og_url":"https:\/\/haciendadelalamo.es\/blog\/5-razones-para-celebrar-tu-boda-en-primavera\/","og_site_name":"Hacienda del \u00c1lamo","article_published_time":"2019-03-27T14:57:37+00:00","article_modified_time":"2020-12-17T17:14:47+00:00","og_image":[{"width":720,"height":960,"url":"https:\/\/haciendadelalamo.es\/blog\/wp-content\/uploads\/53597389_1640495896054128_755861042336104448_n.jpg","type":"image\/jpeg"}],"author":"Hacienda del Alamo","twitter_card":"summary_large_image","twitter_misc":{"Escrito por":"Hacienda del Alamo","Tiempo de lectura":"3 minutos"},"schema":{"@context":"https:\/\/schema.org","@graph":[{"@type":"Article","@id":"https:\/\/haciendadelalamo.es\/blog\/5-razones-para-celebrar-tu-boda-en-primavera\/#article","isPartOf":{"@id":"https:\/\/haciendadelalamo.es\/blog\/5-razones-para-celebrar-tu-boda-en-primavera\/"},"author":{"name":"Hacienda del Alamo","@id":"https:\/\/haciendadelalamo.es\/blog\/#\/schema\/person\/9d53a167b95c1fbb6c06a5fd64d263cb"},"headline":"5 razones para celebrar tu boda en primavera","datePublished":"2019-03-27T14:57:37+00:00","dateModified":"2020-12-17T17:14:47+00:00","mainEntityOfPage":{"@id":"https:\/\/haciendadelalamo.es\/blog\/5-razones-para-celebrar-tu-boda-en-primavera\/"},"wordCount":643,"commentCount":0,"publisher":{"@id":"https:\/\/haciendadelalamo.es\/blog\/#organization"},"articleSection":["Consejos"],"inLanguage":"es","potentialAction":[{"@type":"CommentAction","name":"Comment","target":["https:\/\/haciendadelalamo.es\/blog\/5-razones-para-celebrar-tu-boda-en-primavera\/#respond"]}]},{"@type":"WebPage","@id":"https:\/\/haciendadelalamo.es\/blog\/5-razones-para-celebrar-tu-boda-en-primavera\/","url":"https:\/\/haciendadelalamo.es\/blog\/5-razones-para-celebrar-tu-boda-en-primavera\/","name":"5 razones para celebrar tu boda en primavera | Hacienda del \u00c1lamo","isPartOf":{"@id":"https:\/\/haciendadelalamo.es\/blog\/#website"},"datePublished":"2019-03-27T14:57:37+00:00","dateModified":"2020-12-17T17:14:47+00:00","breadcrumb":{"@id":"https:\/\/haciendadelalamo.es\/blog\/5-razones-para-celebrar-tu-boda-en-primavera\/#breadcrumb"},"inLanguage":"es","potentialAction":[{"@type":"ReadAction","target":["https:\/\/haciendadelalamo.es\/blog\/5-razones-para-celebrar-tu-boda-en-primavera\/"]}]},{"@type":"BreadcrumbList","@id":"https:\/\/haciendadelalamo.es\/blog\/5-razones-para-celebrar-tu-boda-en-primavera\/#breadcrumb","itemListElement":[{"@type":"ListItem","position":1,"name":"Portada","item":"https:\/\/haciendadelalamo.es\/blog\/"},{"@type":"ListItem","position":2,"name":"5 razones para celebrar tu boda en primavera"}]},{"@type":"WebSite","@id":"https:\/\/haciendadelalamo.es\/blog\/#website","url":"https:\/\/haciendadelalamo.es\/blog\/","name":"Hacienda del \u00c1lamo","description":"Blog","publisher":{"@id":"https:\/\/haciendadelalamo.es\/blog\/#organization"},"potentialAction":[{"@type":"SearchAction","target":{"@type":"EntryPoint","urlTemplate":"https:\/\/haciendadelalamo.es\/blog\/?s={search_term_string}"},"query-input":"required name=search_term_string"}],"inLanguage":"es"},{"@type":"Organization","@id":"https:\/\/haciendadelalamo.es\/blog\/#organization","name":"Hacienda del \u00c1lamo","url":"https:\/\/haciendadelalamo.es\/blog\/","logo":{"@type":"ImageObject","inLanguage":"es","@id":"https:\/\/haciendadelalamo.es\/blog\/#\/schema\/logo\/image\/","url":"https:\/\/haciendadelalamo.es\/blog\/wp-content\/uploads\/logo-hacienda-del-alamo.png","contentUrl":"https:\/\/haciendadelalamo.es\/blog\/wp-content\/uploads\/logo-hacienda-del-alamo.png","width":250,"height":163,"caption":"Hacienda del \u00c1lamo"},"image":{"@id":"https:\/\/haciendadelalamo.es\/blog\/#\/schema\/logo\/image\/"}},{"@type":"Person","@id":"https:\/\/haciendadelalamo.es\/blog\/#\/schema\/person\/9d53a167b95c1fbb6c06a5fd64d263cb","name":"Hacienda del Alamo","image":{"@type":"ImageObject","inLanguage":"es","@id":"https:\/\/haciendadelalamo.es\/blog\/#\/schema\/person\/image\/","url":"https:\/\/secure.gravatar.com\/avatar\/4c42b2e3bfe1808a2ffd0058abbbc2b9?s=96&d=mm&r=g","contentUrl":"https:\/\/secure.gravatar.com\/avatar\/4c42b2e3bfe1808a2ffd0058abbbc2b9?s=96&d=mm&r=g","caption":"Hacienda del Alamo"},"sameAs":["http:\/\/www.haciendadelalamo.es"]}]}},"_links":{"self":[{"href":"https:\/\/haciendadelalamo.es\/blog\/wp-json\/wp\/v2\/posts\/1814"}],"collection":[{"href":"https:\/\/haciendadelalamo.es\/blog\/wp-json\/wp\/v2\/posts"}],"about":[{"href":"https:\/\/haciendadelalamo.es\/blog\/wp-json\/wp\/v2\/types\/post"}],"author":[{"embeddable":true,"href":"https:\/\/haciendadelalamo.es\/blog\/wp-json\/wp\/v2\/users\/2"}],"replies":[{"embeddable":true,"href":"https:\/\/haciendadelalamo.es\/blog\/wp-json\/wp\/v2\/comments?post=1814"}],"version-history":[{"count":5,"href":"https:\/\/haciendadelalamo.es\/blog\/wp-json\/wp\/v2\/posts\/1814\/revisions"}],"predecessor-version":[{"id":2066,"href":"https:\/\/haciendadelalamo.es\/blog\/wp-json\/wp\/v2\/posts\/1814\/revisions\/2066"}],"wp:featuredmedia":[{"embeddable":true,"href":"https:\/\/haciendadelalamo.es\/blog\/wp-json\/wp\/v2\/media\/1822"}],"wp:attachment":[{"href":"https:\/\/haciendadelalamo.es\/blog\/wp-json\/wp\/v2\/media?parent=1814"}],"wp:term":[{"taxonomy":"category","embeddable":true,"href":"https:\/\/haciendadelalamo.es\/blog\/wp-json\/wp\/v2\/categories?post=1814"},{"taxonomy":"post_tag","embeddable":true,"href":"https:\/\/haciendadelalamo.es\/blog\/wp-json\/wp\/v2\/tags?post=1814"}],"curies":[{"name":"wp","href":"https:\/\/api.w.org\/{rel}","templated":true}]}}