{"id":1659,"date":"2018-04-23T11:13:50","date_gmt":"2018-04-23T09:13:50","guid":{"rendered":"http:\/\/www.haciendadelalamo.es\/blog\/?p=1659"},"modified":"2024-06-05T16:05:11","modified_gmt":"2024-06-05T14:05:11","slug":"recompensa-al-trabajo-bien-hecho-hoy-felicitan-de-manera-expresa-a-maria-medina-companera-del-dept-comercial-enhorabuena","status":"publish","type":"post","link":"https:\/\/haciendadelalamo.es\/blog\/recompensa-al-trabajo-bien-hecho-hoy-felicitan-de-manera-expresa-a-maria-medina-companera-del-dept-comercial-enhorabuena\/","title":{"rendered":"Recompensa al trabajo bien hecho; hoy felicitan de manera expresa a Mar\u00eda Medina, compa\u00f1era del dept. comercial, enhorabuena!!"},"content":{"rendered":"<p>&#8212;&#8212;&#8212;- Mensaje reenviado &#8212;&#8212;&#8212;-<\/p>\n<p>De: <strong>T. M.<\/strong><\/p>\n<p>Fecha: 22 de abril de 2018, 17:53<\/p>\n<p>Asunto: Enlace Tania Y David<\/p>\n<p>Para: \u00abinfo@haciendadelalamo.es\u00bb<br \/>\nNuestra queridisima Mar\u00eda,<\/p>\n<p>No me creo que haya pasado ya una semana desde el gran d\u00eda!! Ya estamos de vuelta en casa y cojo el tiempo necesario para escribirte.<\/p>\n<p>No pod\u00edamos haber tenido una boda m\u00e1s bonita y m\u00e1s perfecta. Desde el primer momento que pisamos la hacienda buscando un lugar para celebrar nuestra boda supimos que ese ser\u00eda el mejor sitio que pudi\u00e9ramos encontrar, pero nunca imaginamos lo acertad\u00edsimos que estabamos.<\/p>\n<p>No hay palabras para describir lo agradecidos que os estamos a todos por vuestro cari\u00f1o, trabajo y profesionalidad. Desde el primer d\u00eda hab\u00e9is estado pendientes de cada detalle, por m\u00ednimo que pareciera, para conseguir que fuera un gran d\u00eda.<\/p>\n<p>La hacienda es un lugar impresionante pero no ser\u00eda lo mismo sin la magia que vosotros aport\u00e1is. Gracias a vosotros pudimos disfrutar de nuestro d\u00eda sabiendo que todo estaba en buenas manos y que era imposible que algo saliera mal. Nuestros invitados no paran de felicitarnos por el sitio, de decir lo buena que estaba toda la comida y lo genial que fue el servicio, y nosotros no podr\u00edamos estar m\u00e1s de acuerdo.<\/p>\n<p>Una de las cosas que m\u00e1s nos preocupaba al principio era la necesidad de la comida kosher, pero he de decir que incluso con esto os tengo que dar las gracias, por hacerlo tan bien, con tanto respeto y meticulosidad y por un resultado tan incre\u00edble.<\/p>\n<p>Volver\u00edamos a casarnos ah\u00ed sin duda alguna y no nos cansaremos nunca de recomendaros.<\/p>\n<p>Y a ti Mar\u00eda decirte que no s\u00e9 qu\u00e9 habr\u00eda hecho sin ti estos meses de organizaci\u00f3n. Gracias por todo, por tu atenci\u00f3n, por tratarnos tan bien, por cuidarnos, por ser una gran profesional y una mejor persona.<\/p>\n<p>Muchos besos,<\/p>\n<p>Tania y David.<\/p>\n","protected":false},"excerpt":{"rendered":"<p>&#8212;&#8212;&#8212;- Mensaje reenviado &#8212;&#8212;&#8212;- De: T. M. Fecha: 22 de abril de 2018, 17:53 Asunto: Enlace Tania Y David Para: \u00abinfo@haciendadelalamo.es\u00bb Nuestra queridisima Mar\u00eda, No me creo que haya pasado ya una semana desde el gran d\u00eda!! Ya estamos de vuelta en casa y cojo el tiempo necesario para escribirte. No pod\u00edamos haber tenido una [&hellip;]<\/p>\n","protected":false},"author":2,"featured_media":0,"comment_status":"open","ping_status":"closed","sticky":false,"template":"","format":"standard","meta":{"footnotes":""},"categories":[23],"tags":[],"yoast_head":"<!-- This site is optimized with the Yoast SEO plugin v21.6 - https:\/\/yoast.com\/wordpress\/plugins\/seo\/ -->\n<title>Recompensa al trabajo bien hecho; hoy felicitan de manera expresa a Mar\u00eda Medina, compa\u00f1era del dept. comercial, enhorabuena!! | Hacienda del \u00c1lamo<\/title>\n<meta name=\"robots\" content=\"noindex, follow\" \/>\n<meta property=\"og:locale\" content=\"es_ES\" \/>\n<meta property=\"og:type\" content=\"article\" \/>\n<meta property=\"og:title\" content=\"Recompensa al trabajo bien hecho; hoy felicitan de manera expresa a Mar\u00eda Medina, compa\u00f1era del dept. comercial, enhorabuena!! | Hacienda del \u00c1lamo\" \/>\n<meta property=\"og:description\" content=\"&#8212;&#8212;&#8212;- Mensaje reenviado &#8212;&#8212;&#8212;- De: T. M. Fecha: 22 de abril de 2018, 17:53 Asunto: Enlace Tania Y David Para: \u00abinfo@haciendadelalamo.es\u00bb Nuestra queridisima Mar\u00eda, No me creo que haya pasado ya una semana desde el gran d\u00eda!! Ya estamos de vuelta en casa y cojo el tiempo necesario para escribirte. No pod\u00edamos haber tenido una [&hellip;]\" \/>\n<meta property=\"og:url\" content=\"https:\/\/haciendadelalamo.es\/blog\/recompensa-al-trabajo-bien-hecho-hoy-felicitan-de-manera-expresa-a-maria-medina-companera-del-dept-comercial-enhorabuena\/\" \/>\n<meta property=\"og:site_name\" content=\"Hacienda del \u00c1lamo\" \/>\n<meta property=\"article:published_time\" content=\"2018-04-23T09:13:50+00:00\" \/>\n<meta property=\"article:modified_time\" content=\"2024-06-05T14:05:11+00:00\" \/>\n<meta name=\"author\" content=\"Hacienda del Alamo\" \/>\n<meta name=\"twitter:card\" content=\"summary_large_image\" \/>\n<meta name=\"twitter:label1\" content=\"Escrito por\" \/>\n\t<meta name=\"twitter:data1\" content=\"Hacienda del Alamo\" \/>\n\t<meta name=\"twitter:label2\" content=\"Tiempo de lectura\" \/>\n\t<meta name=\"twitter:data2\" content=\"2 minutos\" \/>\n<script type=\"application\/ld+json\" class=\"yoast-schema-graph\">{\"@context\":\"https:\/\/schema.org\",\"@graph\":[{\"@type\":\"Article\",\"@id\":\"https:\/\/haciendadelalamo.es\/blog\/recompensa-al-trabajo-bien-hecho-hoy-felicitan-de-manera-expresa-a-maria-medina-companera-del-dept-comercial-enhorabuena\/#article\",\"isPartOf\":{\"@id\":\"https:\/\/haciendadelalamo.es\/blog\/recompensa-al-trabajo-bien-hecho-hoy-felicitan-de-manera-expresa-a-maria-medina-companera-del-dept-comercial-enhorabuena\/\"},\"author\":{\"name\":\"Hacienda del Alamo\",\"@id\":\"https:\/\/haciendadelalamo.es\/blog\/#\/schema\/person\/9d53a167b95c1fbb6c06a5fd64d263cb\"},\"headline\":\"Recompensa al trabajo bien hecho; hoy felicitan de manera expresa a Mar\u00eda Medina, compa\u00f1era del dept. comercial, enhorabuena!!\",\"datePublished\":\"2018-04-23T09:13:50+00:00\",\"dateModified\":\"2024-06-05T14:05:11+00:00\",\"mainEntityOfPage\":{\"@id\":\"https:\/\/haciendadelalamo.es\/blog\/recompensa-al-trabajo-bien-hecho-hoy-felicitan-de-manera-expresa-a-maria-medina-companera-del-dept-comercial-enhorabuena\/\"},\"wordCount\":352,\"commentCount\":0,\"publisher\":{\"@id\":\"https:\/\/haciendadelalamo.es\/blog\/#organization\"},\"articleSection\":[\"Opiniones de nuestros clientes\"],\"inLanguage\":\"es\",\"potentialAction\":[{\"@type\":\"CommentAction\",\"name\":\"Comment\",\"target\":[\"https:\/\/haciendadelalamo.es\/blog\/recompensa-al-trabajo-bien-hecho-hoy-felicitan-de-manera-expresa-a-maria-medina-companera-del-dept-comercial-enhorabuena\/#respond\"]}]},{\"@type\":\"WebPage\",\"@id\":\"https:\/\/haciendadelalamo.es\/blog\/recompensa-al-trabajo-bien-hecho-hoy-felicitan-de-manera-expresa-a-maria-medina-companera-del-dept-comercial-enhorabuena\/\",\"url\":\"https:\/\/haciendadelalamo.es\/blog\/recompensa-al-trabajo-bien-hecho-hoy-felicitan-de-manera-expresa-a-maria-medina-companera-del-dept-comercial-enhorabuena\/\",\"name\":\"Recompensa al trabajo bien hecho; hoy felicitan de manera expresa a Mar\u00eda Medina, compa\u00f1era del dept. comercial, enhorabuena!! | Hacienda del \u00c1lamo\",\"isPartOf\":{\"@id\":\"https:\/\/haciendadelalamo.es\/blog\/#website\"},\"datePublished\":\"2018-04-23T09:13:50+00:00\",\"dateModified\":\"2024-06-05T14:05:11+00:00\",\"breadcrumb\":{\"@id\":\"https:\/\/haciendadelalamo.es\/blog\/recompensa-al-trabajo-bien-hecho-hoy-felicitan-de-manera-expresa-a-maria-medina-companera-del-dept-comercial-enhorabuena\/#breadcrumb\"},\"inLanguage\":\"es\",\"potentialAction\":[{\"@type\":\"ReadAction\",\"target\":[\"https:\/\/haciendadelalamo.es\/blog\/recompensa-al-trabajo-bien-hecho-hoy-felicitan-de-manera-expresa-a-maria-medina-companera-del-dept-comercial-enhorabuena\/\"]}]},{\"@type\":\"BreadcrumbList\",\"@id\":\"https:\/\/haciendadelalamo.es\/blog\/recompensa-al-trabajo-bien-hecho-hoy-felicitan-de-manera-expresa-a-maria-medina-companera-del-dept-comercial-enhorabuena\/#breadcrumb\",\"itemListElement\":[{\"@type\":\"ListItem\",\"position\":1,\"name\":\"Portada\",\"item\":\"https:\/\/haciendadelalamo.es\/blog\/\"},{\"@type\":\"ListItem\",\"position\":2,\"name\":\"Recompensa al trabajo bien hecho; hoy felicitan de manera expresa a Mar\u00eda Medina, compa\u00f1era del dept. comercial, enhorabuena!!\"}]},{\"@type\":\"WebSite\",\"@id\":\"https:\/\/haciendadelalamo.es\/blog\/#website\",\"url\":\"https:\/\/haciendadelalamo.es\/blog\/\",\"name\":\"Hacienda del \u00c1lamo\",\"description\":\"Blog\",\"publisher\":{\"@id\":\"https:\/\/haciendadelalamo.es\/blog\/#organization\"},\"potentialAction\":[{\"@type\":\"SearchAction\",\"target\":{\"@type\":\"EntryPoint\",\"urlTemplate\":\"https:\/\/haciendadelalamo.es\/blog\/?s={search_term_string}\"},\"query-input\":\"required name=search_term_string\"}],\"inLanguage\":\"es\"},{\"@type\":\"Organization\",\"@id\":\"https:\/\/haciendadelalamo.es\/blog\/#organization\",\"name\":\"Hacienda del \u00c1lamo\",\"url\":\"https:\/\/haciendadelalamo.es\/blog\/\",\"logo\":{\"@type\":\"ImageObject\",\"inLanguage\":\"es\",\"@id\":\"https:\/\/haciendadelalamo.es\/blog\/#\/schema\/logo\/image\/\",\"url\":\"https:\/\/haciendadelalamo.es\/blog\/wp-content\/uploads\/logo-hacienda-del-alamo.png\",\"contentUrl\":\"https:\/\/haciendadelalamo.es\/blog\/wp-content\/uploads\/logo-hacienda-del-alamo.png\",\"width\":250,\"height\":163,\"caption\":\"Hacienda del \u00c1lamo\"},\"image\":{\"@id\":\"https:\/\/haciendadelalamo.es\/blog\/#\/schema\/logo\/image\/\"}},{\"@type\":\"Person\",\"@id\":\"https:\/\/haciendadelalamo.es\/blog\/#\/schema\/person\/9d53a167b95c1fbb6c06a5fd64d263cb\",\"name\":\"Hacienda del Alamo\",\"image\":{\"@type\":\"ImageObject\",\"inLanguage\":\"es\",\"@id\":\"https:\/\/haciendadelalamo.es\/blog\/#\/schema\/person\/image\/\",\"url\":\"https:\/\/secure.gravatar.com\/avatar\/4c42b2e3bfe1808a2ffd0058abbbc2b9?s=96&d=mm&r=g\",\"contentUrl\":\"https:\/\/secure.gravatar.com\/avatar\/4c42b2e3bfe1808a2ffd0058abbbc2b9?s=96&d=mm&r=g\",\"caption\":\"Hacienda del Alamo\"},\"sameAs\":[\"http:\/\/www.haciendadelalamo.es\"]}]}<\/script>\n<!-- \/ Yoast SEO plugin. -->","yoast_head_json":{"title":"Recompensa al trabajo bien hecho; hoy felicitan de manera expresa a Mar\u00eda Medina, compa\u00f1era del dept. comercial, enhorabuena!! | Hacienda del \u00c1lamo","robots":{"index":"noindex","follow":"follow"},"og_locale":"es_ES","og_type":"article","og_title":"Recompensa al trabajo bien hecho; hoy felicitan de manera expresa a Mar\u00eda Medina, compa\u00f1era del dept. comercial, enhorabuena!! | Hacienda del \u00c1lamo","og_description":"&#8212;&#8212;&#8212;- Mensaje reenviado &#8212;&#8212;&#8212;- De: T. M. Fecha: 22 de abril de 2018, 17:53 Asunto: Enlace Tania Y David Para: \u00abinfo@haciendadelalamo.es\u00bb Nuestra queridisima Mar\u00eda, No me creo que haya pasado ya una semana desde el gran d\u00eda!! Ya estamos de vuelta en casa y cojo el tiempo necesario para escribirte. No pod\u00edamos haber tenido una [&hellip;]","og_url":"https:\/\/haciendadelalamo.es\/blog\/recompensa-al-trabajo-bien-hecho-hoy-felicitan-de-manera-expresa-a-maria-medina-companera-del-dept-comercial-enhorabuena\/","og_site_name":"Hacienda del \u00c1lamo","article_published_time":"2018-04-23T09:13:50+00:00","article_modified_time":"2024-06-05T14:05:11+00:00","author":"Hacienda del Alamo","twitter_card":"summary_large_image","twitter_misc":{"Escrito por":"Hacienda del Alamo","Tiempo de lectura":"2 minutos"},"schema":{"@context":"https:\/\/schema.org","@graph":[{"@type":"Article","@id":"https:\/\/haciendadelalamo.es\/blog\/recompensa-al-trabajo-bien-hecho-hoy-felicitan-de-manera-expresa-a-maria-medina-companera-del-dept-comercial-enhorabuena\/#article","isPartOf":{"@id":"https:\/\/haciendadelalamo.es\/blog\/recompensa-al-trabajo-bien-hecho-hoy-felicitan-de-manera-expresa-a-maria-medina-companera-del-dept-comercial-enhorabuena\/"},"author":{"name":"Hacienda del Alamo","@id":"https:\/\/haciendadelalamo.es\/blog\/#\/schema\/person\/9d53a167b95c1fbb6c06a5fd64d263cb"},"headline":"Recompensa al trabajo bien hecho; hoy felicitan de manera expresa a Mar\u00eda Medina, compa\u00f1era del dept. comercial, enhorabuena!!","datePublished":"2018-04-23T09:13:50+00:00","dateModified":"2024-06-05T14:05:11+00:00","mainEntityOfPage":{"@id":"https:\/\/haciendadelalamo.es\/blog\/recompensa-al-trabajo-bien-hecho-hoy-felicitan-de-manera-expresa-a-maria-medina-companera-del-dept-comercial-enhorabuena\/"},"wordCount":352,"commentCount":0,"publisher":{"@id":"https:\/\/haciendadelalamo.es\/blog\/#organization"},"articleSection":["Opiniones de nuestros clientes"],"inLanguage":"es","potentialAction":[{"@type":"CommentAction","name":"Comment","target":["https:\/\/haciendadelalamo.es\/blog\/recompensa-al-trabajo-bien-hecho-hoy-felicitan-de-manera-expresa-a-maria-medina-companera-del-dept-comercial-enhorabuena\/#respond"]}]},{"@type":"WebPage","@id":"https:\/\/haciendadelalamo.es\/blog\/recompensa-al-trabajo-bien-hecho-hoy-felicitan-de-manera-expresa-a-maria-medina-companera-del-dept-comercial-enhorabuena\/","url":"https:\/\/haciendadelalamo.es\/blog\/recompensa-al-trabajo-bien-hecho-hoy-felicitan-de-manera-expresa-a-maria-medina-companera-del-dept-comercial-enhorabuena\/","name":"Recompensa al trabajo bien hecho; hoy felicitan de manera expresa a Mar\u00eda Medina, compa\u00f1era del dept. comercial, enhorabuena!! | Hacienda del \u00c1lamo","isPartOf":{"@id":"https:\/\/haciendadelalamo.es\/blog\/#website"},"datePublished":"2018-04-23T09:13:50+00:00","dateModified":"2024-06-05T14:05:11+00:00","breadcrumb":{"@id":"https:\/\/haciendadelalamo.es\/blog\/recompensa-al-trabajo-bien-hecho-hoy-felicitan-de-manera-expresa-a-maria-medina-companera-del-dept-comercial-enhorabuena\/#breadcrumb"},"inLanguage":"es","potentialAction":[{"@type":"ReadAction","target":["https:\/\/haciendadelalamo.es\/blog\/recompensa-al-trabajo-bien-hecho-hoy-felicitan-de-manera-expresa-a-maria-medina-companera-del-dept-comercial-enhorabuena\/"]}]},{"@type":"BreadcrumbList","@id":"https:\/\/haciendadelalamo.es\/blog\/recompensa-al-trabajo-bien-hecho-hoy-felicitan-de-manera-expresa-a-maria-medina-companera-del-dept-comercial-enhorabuena\/#breadcrumb","itemListElement":[{"@type":"ListItem","position":1,"name":"Portada","item":"https:\/\/haciendadelalamo.es\/blog\/"},{"@type":"ListItem","position":2,"name":"Recompensa al trabajo bien hecho; hoy felicitan de manera expresa a Mar\u00eda Medina, compa\u00f1era del dept. comercial, enhorabuena!!"}]},{"@type":"WebSite","@id":"https:\/\/haciendadelalamo.es\/blog\/#website","url":"https:\/\/haciendadelalamo.es\/blog\/","name":"Hacienda del \u00c1lamo","description":"Blog","publisher":{"@id":"https:\/\/haciendadelalamo.es\/blog\/#organization"},"potentialAction":[{"@type":"SearchAction","target":{"@type":"EntryPoint","urlTemplate":"https:\/\/haciendadelalamo.es\/blog\/?s={search_term_string}"},"query-input":"required name=search_term_string"}],"inLanguage":"es"},{"@type":"Organization","@id":"https:\/\/haciendadelalamo.es\/blog\/#organization","name":"Hacienda del \u00c1lamo","url":"https:\/\/haciendadelalamo.es\/blog\/","logo":{"@type":"ImageObject","inLanguage":"es","@id":"https:\/\/haciendadelalamo.es\/blog\/#\/schema\/logo\/image\/","url":"https:\/\/haciendadelalamo.es\/blog\/wp-content\/uploads\/logo-hacienda-del-alamo.png","contentUrl":"https:\/\/haciendadelalamo.es\/blog\/wp-content\/uploads\/logo-hacienda-del-alamo.png","width":250,"height":163,"caption":"Hacienda del \u00c1lamo"},"image":{"@id":"https:\/\/haciendadelalamo.es\/blog\/#\/schema\/logo\/image\/"}},{"@type":"Person","@id":"https:\/\/haciendadelalamo.es\/blog\/#\/schema\/person\/9d53a167b95c1fbb6c06a5fd64d263cb","name":"Hacienda del Alamo","image":{"@type":"ImageObject","inLanguage":"es","@id":"https:\/\/haciendadelalamo.es\/blog\/#\/schema\/person\/image\/","url":"https:\/\/secure.gravatar.com\/avatar\/4c42b2e3bfe1808a2ffd0058abbbc2b9?s=96&d=mm&r=g","contentUrl":"https:\/\/secure.gravatar.com\/avatar\/4c42b2e3bfe1808a2ffd0058abbbc2b9?s=96&d=mm&r=g","caption":"Hacienda del Alamo"},"sameAs":["http:\/\/www.haciendadelalamo.es"]}]}},"_links":{"self":[{"href":"https:\/\/haciendadelalamo.es\/blog\/wp-json\/wp\/v2\/posts\/1659"}],"collection":[{"href":"https:\/\/haciendadelalamo.es\/blog\/wp-json\/wp\/v2\/posts"}],"about":[{"href":"https:\/\/haciendadelalamo.es\/blog\/wp-json\/wp\/v2\/types\/post"}],"author":[{"embeddable":true,"href":"https:\/\/haciendadelalamo.es\/blog\/wp-json\/wp\/v2\/users\/2"}],"replies":[{"embeddable":true,"href":"https:\/\/haciendadelalamo.es\/blog\/wp-json\/wp\/v2\/comments?post=1659"}],"version-history":[{"count":1,"href":"https:\/\/haciendadelalamo.es\/blog\/wp-json\/wp\/v2\/posts\/1659\/revisions"}],"predecessor-version":[{"id":1660,"href":"https:\/\/haciendadelalamo.es\/blog\/wp-json\/wp\/v2\/posts\/1659\/revisions\/1660"}],"wp:attachment":[{"href":"https:\/\/haciendadelalamo.es\/blog\/wp-json\/wp\/v2\/media?parent=1659"}],"wp:term":[{"taxonomy":"category","embeddable":true,"href":"https:\/\/haciendadelalamo.es\/blog\/wp-json\/wp\/v2\/categories?post=1659"},{"taxonomy":"post_tag","embeddable":true,"href":"https:\/\/haciendadelalamo.es\/blog\/wp-json\/wp\/v2\/tags?post=1659"}],"curies":[{"name":"wp","href":"https:\/\/api.w.org\/{rel}","templated":true}]}}