{"id":1656,"date":"2018-04-11T12:38:19","date_gmt":"2018-04-11T10:38:19","guid":{"rendered":"http:\/\/www.haciendadelalamo.es\/blog\/?p=1656"},"modified":"2023-12-01T10:28:33","modified_gmt":"2023-12-01T08:28:33","slug":"super-contentos-de-recibir-estas-bonitas-palabras-de-maria-y-romana-una-boda-muy-muy-especial-gracias","status":"publish","type":"post","link":"https:\/\/haciendadelalamo.es\/blog\/super-contentos-de-recibir-estas-bonitas-palabras-de-maria-y-romana-una-boda-muy-muy-especial-gracias\/","title":{"rendered":"S\u00faper contentos de recibir estas bonitas palabras de Mar\u00eda y Romana, una Boda muy muy especial&#8230; GRACIAS !!"},"content":{"rendered":"<p>De: <strong>M.P<\/strong> &lt;&#8230;&#8230;&#8230;&#8230;.@gmail.com&gt;<\/p>\n<p>Fecha: 6 de abril de 2018, 8:34<\/p>\n<p>Asunto: Re: BODA MARIA Y ROMANA<\/p>\n<p>Para:\u00a0&lt;info@haciendadelalamo.es&gt;<br \/>\nQuerida Eva,<\/p>\n<p>&nbsp;<\/p>\n<p>Mil gracias a todo el equipo de la hacienda, en especial a Alejandro, Mar\u00eda y a ti, por hacer que tuvi\u00e9ramos una boda m\u00e1gica. Por todo el cari\u00f1o que nos hab\u00e9is demostrado desde el primer d\u00eda, una profesionalidad impecable y un saber hacer de quitarse el sombrero. La hacienda es un lugar se ensue\u00f1o, pero la magia la pon\u00e9is vosotros. Todos nuestros invitados no paran de comentar lo deliciosa que estaba la comida y la infinidad de detalles de la celebraci\u00f3n. Chap\u00f3 para los camareros, porque el servicio fue fenomenal. Y tambi\u00e9n para los cocineros, que prepararon cada plato con amor para que todo estuviera buen\u00edsimo. Alejandro, Mar\u00eda y t\u00fa estuvisteis atentos a cada detalle para que todo saliera perfecto. Nos sentimos S\u00faper arropadas y pudimos disfrutar de cada momento, sabiendo que todo estaba en buenas manos. Una boda sin percances ni complicaciones, es que mis palabras no pueden estar a la altura!!<\/p>\n<p>Volver\u00edamos a casarnos en la hacienda, con vosotros, una y mil veces. Much\u00edsimas gracias por hacer que fuera el d\u00eda m\u00e1s feliz de nuestra vida.<\/p>\n<p>Y Eva, qu\u00e9 decir de ti. Que desde el primer momento sentimos tu cari\u00f1o y tu buen hacer. Eres una profesional y persona como la copa de un pino! Te tendremos siempre en nuestro coraz\u00f3n!!!<\/p>\n<p>Ahora estamos en nuestra luna de miel, pero en cuanto volvamos nos pondremos a escribir referencias en <a href=\"http:\/\/bodas.net\/\">bodas.net<\/a>, Google etc. Os lo merec\u00e9is todo y m\u00e1s!!<\/p>\n<p>Un beso enorme de nuestra parte,<\/p>\n<p>Mar\u00eda y Romana<\/p>\n","protected":false},"excerpt":{"rendered":"<p>De: M.P &lt;&#8230;&#8230;&#8230;&#8230;.@gmail.com&gt; Fecha: 6 de abril de 2018, 8:34 Asunto: Re: BODA MARIA Y ROMANA Para:\u00a0&lt;info@haciendadelalamo.es&gt; Querida Eva, &nbsp; Mil gracias a todo el equipo de la hacienda, en especial a Alejandro, Mar\u00eda y a ti, por hacer que tuvi\u00e9ramos una boda m\u00e1gica. Por todo el cari\u00f1o que nos hab\u00e9is demostrado desde el primer [&hellip;]<\/p>\n","protected":false},"author":2,"featured_media":0,"comment_status":"open","ping_status":"closed","sticky":false,"template":"","format":"standard","meta":{"footnotes":""},"categories":[23],"tags":[],"yoast_head":"<!-- This site is optimized with the Yoast SEO plugin v21.6 - https:\/\/yoast.com\/wordpress\/plugins\/seo\/ -->\n<title>S\u00faper contentos de recibir estas bonitas palabras de Mar\u00eda y Romana, una Boda muy muy especial... GRACIAS !! | Hacienda del \u00c1lamo<\/title>\n<meta name=\"robots\" content=\"noindex, nofollow\" \/>\n<meta property=\"og:locale\" content=\"es_ES\" \/>\n<meta property=\"og:type\" content=\"article\" \/>\n<meta property=\"og:title\" content=\"S\u00faper contentos de recibir estas bonitas palabras de Mar\u00eda y Romana, una Boda muy muy especial... GRACIAS !! | Hacienda del \u00c1lamo\" \/>\n<meta property=\"og:description\" content=\"De: M.P &lt;&#8230;&#8230;&#8230;&#8230;.@gmail.com&gt; Fecha: 6 de abril de 2018, 8:34 Asunto: Re: BODA MARIA Y ROMANA Para:\u00a0&lt;info@haciendadelalamo.es&gt; Querida Eva, &nbsp; Mil gracias a todo el equipo de la hacienda, en especial a Alejandro, Mar\u00eda y a ti, por hacer que tuvi\u00e9ramos una boda m\u00e1gica. Por todo el cari\u00f1o que nos hab\u00e9is demostrado desde el primer [&hellip;]\" \/>\n<meta property=\"og:url\" content=\"https:\/\/haciendadelalamo.es\/blog\/super-contentos-de-recibir-estas-bonitas-palabras-de-maria-y-romana-una-boda-muy-muy-especial-gracias\/\" \/>\n<meta property=\"og:site_name\" content=\"Hacienda del \u00c1lamo\" \/>\n<meta property=\"article:published_time\" content=\"2018-04-11T10:38:19+00:00\" \/>\n<meta property=\"article:modified_time\" content=\"2023-12-01T08:28:33+00:00\" \/>\n<meta name=\"author\" content=\"Hacienda del Alamo\" \/>\n<meta name=\"twitter:card\" content=\"summary_large_image\" \/>\n<meta name=\"twitter:label1\" content=\"Escrito por\" \/>\n\t<meta name=\"twitter:data1\" content=\"Hacienda del Alamo\" \/>\n\t<meta name=\"twitter:label2\" content=\"Tiempo de lectura\" \/>\n\t<meta name=\"twitter:data2\" content=\"2 minutos\" \/>\n<script type=\"application\/ld+json\" class=\"yoast-schema-graph\">{\"@context\":\"https:\/\/schema.org\",\"@graph\":[{\"@type\":\"Article\",\"@id\":\"https:\/\/haciendadelalamo.es\/blog\/super-contentos-de-recibir-estas-bonitas-palabras-de-maria-y-romana-una-boda-muy-muy-especial-gracias\/#article\",\"isPartOf\":{\"@id\":\"https:\/\/haciendadelalamo.es\/blog\/super-contentos-de-recibir-estas-bonitas-palabras-de-maria-y-romana-una-boda-muy-muy-especial-gracias\/\"},\"author\":{\"name\":\"Hacienda del Alamo\",\"@id\":\"https:\/\/haciendadelalamo.es\/blog\/#\/schema\/person\/9d53a167b95c1fbb6c06a5fd64d263cb\"},\"headline\":\"S\u00faper contentos de recibir estas bonitas palabras de Mar\u00eda y Romana, una Boda muy muy especial&#8230; GRACIAS !!\",\"datePublished\":\"2018-04-11T10:38:19+00:00\",\"dateModified\":\"2023-12-01T08:28:33+00:00\",\"mainEntityOfPage\":{\"@id\":\"https:\/\/haciendadelalamo.es\/blog\/super-contentos-de-recibir-estas-bonitas-palabras-de-maria-y-romana-una-boda-muy-muy-especial-gracias\/\"},\"wordCount\":316,\"commentCount\":0,\"publisher\":{\"@id\":\"https:\/\/haciendadelalamo.es\/blog\/#organization\"},\"articleSection\":[\"Opiniones de nuestros clientes\"],\"inLanguage\":\"es\",\"potentialAction\":[{\"@type\":\"CommentAction\",\"name\":\"Comment\",\"target\":[\"https:\/\/haciendadelalamo.es\/blog\/super-contentos-de-recibir-estas-bonitas-palabras-de-maria-y-romana-una-boda-muy-muy-especial-gracias\/#respond\"]}]},{\"@type\":\"WebPage\",\"@id\":\"https:\/\/haciendadelalamo.es\/blog\/super-contentos-de-recibir-estas-bonitas-palabras-de-maria-y-romana-una-boda-muy-muy-especial-gracias\/\",\"url\":\"https:\/\/haciendadelalamo.es\/blog\/super-contentos-de-recibir-estas-bonitas-palabras-de-maria-y-romana-una-boda-muy-muy-especial-gracias\/\",\"name\":\"S\u00faper contentos de recibir estas bonitas palabras de Mar\u00eda y Romana, una Boda muy muy especial... GRACIAS !! | Hacienda del \u00c1lamo\",\"isPartOf\":{\"@id\":\"https:\/\/haciendadelalamo.es\/blog\/#website\"},\"datePublished\":\"2018-04-11T10:38:19+00:00\",\"dateModified\":\"2023-12-01T08:28:33+00:00\",\"breadcrumb\":{\"@id\":\"https:\/\/haciendadelalamo.es\/blog\/super-contentos-de-recibir-estas-bonitas-palabras-de-maria-y-romana-una-boda-muy-muy-especial-gracias\/#breadcrumb\"},\"inLanguage\":\"es\",\"potentialAction\":[{\"@type\":\"ReadAction\",\"target\":[\"https:\/\/haciendadelalamo.es\/blog\/super-contentos-de-recibir-estas-bonitas-palabras-de-maria-y-romana-una-boda-muy-muy-especial-gracias\/\"]}]},{\"@type\":\"BreadcrumbList\",\"@id\":\"https:\/\/haciendadelalamo.es\/blog\/super-contentos-de-recibir-estas-bonitas-palabras-de-maria-y-romana-una-boda-muy-muy-especial-gracias\/#breadcrumb\",\"itemListElement\":[{\"@type\":\"ListItem\",\"position\":1,\"name\":\"Portada\",\"item\":\"https:\/\/haciendadelalamo.es\/blog\/\"},{\"@type\":\"ListItem\",\"position\":2,\"name\":\"S\u00faper contentos de recibir estas bonitas palabras de Mar\u00eda y Romana, una Boda muy muy especial&#8230; GRACIAS !!\"}]},{\"@type\":\"WebSite\",\"@id\":\"https:\/\/haciendadelalamo.es\/blog\/#website\",\"url\":\"https:\/\/haciendadelalamo.es\/blog\/\",\"name\":\"Hacienda del \u00c1lamo\",\"description\":\"Blog\",\"publisher\":{\"@id\":\"https:\/\/haciendadelalamo.es\/blog\/#organization\"},\"potentialAction\":[{\"@type\":\"SearchAction\",\"target\":{\"@type\":\"EntryPoint\",\"urlTemplate\":\"https:\/\/haciendadelalamo.es\/blog\/?s={search_term_string}\"},\"query-input\":\"required name=search_term_string\"}],\"inLanguage\":\"es\"},{\"@type\":\"Organization\",\"@id\":\"https:\/\/haciendadelalamo.es\/blog\/#organization\",\"name\":\"Hacienda del \u00c1lamo\",\"url\":\"https:\/\/haciendadelalamo.es\/blog\/\",\"logo\":{\"@type\":\"ImageObject\",\"inLanguage\":\"es\",\"@id\":\"https:\/\/haciendadelalamo.es\/blog\/#\/schema\/logo\/image\/\",\"url\":\"https:\/\/haciendadelalamo.es\/blog\/wp-content\/uploads\/logo-hacienda-del-alamo.png\",\"contentUrl\":\"https:\/\/haciendadelalamo.es\/blog\/wp-content\/uploads\/logo-hacienda-del-alamo.png\",\"width\":250,\"height\":163,\"caption\":\"Hacienda del \u00c1lamo\"},\"image\":{\"@id\":\"https:\/\/haciendadelalamo.es\/blog\/#\/schema\/logo\/image\/\"}},{\"@type\":\"Person\",\"@id\":\"https:\/\/haciendadelalamo.es\/blog\/#\/schema\/person\/9d53a167b95c1fbb6c06a5fd64d263cb\",\"name\":\"Hacienda del Alamo\",\"image\":{\"@type\":\"ImageObject\",\"inLanguage\":\"es\",\"@id\":\"https:\/\/haciendadelalamo.es\/blog\/#\/schema\/person\/image\/\",\"url\":\"https:\/\/secure.gravatar.com\/avatar\/4c42b2e3bfe1808a2ffd0058abbbc2b9?s=96&d=mm&r=g\",\"contentUrl\":\"https:\/\/secure.gravatar.com\/avatar\/4c42b2e3bfe1808a2ffd0058abbbc2b9?s=96&d=mm&r=g\",\"caption\":\"Hacienda del Alamo\"},\"sameAs\":[\"http:\/\/www.haciendadelalamo.es\"]}]}<\/script>\n<!-- \/ Yoast SEO plugin. -->","yoast_head_json":{"title":"S\u00faper contentos de recibir estas bonitas palabras de Mar\u00eda y Romana, una Boda muy muy especial... GRACIAS !! | Hacienda del \u00c1lamo","robots":{"index":"noindex","follow":"nofollow"},"og_locale":"es_ES","og_type":"article","og_title":"S\u00faper contentos de recibir estas bonitas palabras de Mar\u00eda y Romana, una Boda muy muy especial... GRACIAS !! | Hacienda del \u00c1lamo","og_description":"De: M.P &lt;&#8230;&#8230;&#8230;&#8230;.@gmail.com&gt; Fecha: 6 de abril de 2018, 8:34 Asunto: Re: BODA MARIA Y ROMANA Para:\u00a0&lt;info@haciendadelalamo.es&gt; Querida Eva, &nbsp; Mil gracias a todo el equipo de la hacienda, en especial a Alejandro, Mar\u00eda y a ti, por hacer que tuvi\u00e9ramos una boda m\u00e1gica. Por todo el cari\u00f1o que nos hab\u00e9is demostrado desde el primer [&hellip;]","og_url":"https:\/\/haciendadelalamo.es\/blog\/super-contentos-de-recibir-estas-bonitas-palabras-de-maria-y-romana-una-boda-muy-muy-especial-gracias\/","og_site_name":"Hacienda del \u00c1lamo","article_published_time":"2018-04-11T10:38:19+00:00","article_modified_time":"2023-12-01T08:28:33+00:00","author":"Hacienda del Alamo","twitter_card":"summary_large_image","twitter_misc":{"Escrito por":"Hacienda del Alamo","Tiempo de lectura":"2 minutos"},"schema":{"@context":"https:\/\/schema.org","@graph":[{"@type":"Article","@id":"https:\/\/haciendadelalamo.es\/blog\/super-contentos-de-recibir-estas-bonitas-palabras-de-maria-y-romana-una-boda-muy-muy-especial-gracias\/#article","isPartOf":{"@id":"https:\/\/haciendadelalamo.es\/blog\/super-contentos-de-recibir-estas-bonitas-palabras-de-maria-y-romana-una-boda-muy-muy-especial-gracias\/"},"author":{"name":"Hacienda del Alamo","@id":"https:\/\/haciendadelalamo.es\/blog\/#\/schema\/person\/9d53a167b95c1fbb6c06a5fd64d263cb"},"headline":"S\u00faper contentos de recibir estas bonitas palabras de Mar\u00eda y Romana, una Boda muy muy especial&#8230; GRACIAS !!","datePublished":"2018-04-11T10:38:19+00:00","dateModified":"2023-12-01T08:28:33+00:00","mainEntityOfPage":{"@id":"https:\/\/haciendadelalamo.es\/blog\/super-contentos-de-recibir-estas-bonitas-palabras-de-maria-y-romana-una-boda-muy-muy-especial-gracias\/"},"wordCount":316,"commentCount":0,"publisher":{"@id":"https:\/\/haciendadelalamo.es\/blog\/#organization"},"articleSection":["Opiniones de nuestros clientes"],"inLanguage":"es","potentialAction":[{"@type":"CommentAction","name":"Comment","target":["https:\/\/haciendadelalamo.es\/blog\/super-contentos-de-recibir-estas-bonitas-palabras-de-maria-y-romana-una-boda-muy-muy-especial-gracias\/#respond"]}]},{"@type":"WebPage","@id":"https:\/\/haciendadelalamo.es\/blog\/super-contentos-de-recibir-estas-bonitas-palabras-de-maria-y-romana-una-boda-muy-muy-especial-gracias\/","url":"https:\/\/haciendadelalamo.es\/blog\/super-contentos-de-recibir-estas-bonitas-palabras-de-maria-y-romana-una-boda-muy-muy-especial-gracias\/","name":"S\u00faper contentos de recibir estas bonitas palabras de Mar\u00eda y Romana, una Boda muy muy especial... GRACIAS !! | Hacienda del \u00c1lamo","isPartOf":{"@id":"https:\/\/haciendadelalamo.es\/blog\/#website"},"datePublished":"2018-04-11T10:38:19+00:00","dateModified":"2023-12-01T08:28:33+00:00","breadcrumb":{"@id":"https:\/\/haciendadelalamo.es\/blog\/super-contentos-de-recibir-estas-bonitas-palabras-de-maria-y-romana-una-boda-muy-muy-especial-gracias\/#breadcrumb"},"inLanguage":"es","potentialAction":[{"@type":"ReadAction","target":["https:\/\/haciendadelalamo.es\/blog\/super-contentos-de-recibir-estas-bonitas-palabras-de-maria-y-romana-una-boda-muy-muy-especial-gracias\/"]}]},{"@type":"BreadcrumbList","@id":"https:\/\/haciendadelalamo.es\/blog\/super-contentos-de-recibir-estas-bonitas-palabras-de-maria-y-romana-una-boda-muy-muy-especial-gracias\/#breadcrumb","itemListElement":[{"@type":"ListItem","position":1,"name":"Portada","item":"https:\/\/haciendadelalamo.es\/blog\/"},{"@type":"ListItem","position":2,"name":"S\u00faper contentos de recibir estas bonitas palabras de Mar\u00eda y Romana, una Boda muy muy especial&#8230; GRACIAS !!"}]},{"@type":"WebSite","@id":"https:\/\/haciendadelalamo.es\/blog\/#website","url":"https:\/\/haciendadelalamo.es\/blog\/","name":"Hacienda del \u00c1lamo","description":"Blog","publisher":{"@id":"https:\/\/haciendadelalamo.es\/blog\/#organization"},"potentialAction":[{"@type":"SearchAction","target":{"@type":"EntryPoint","urlTemplate":"https:\/\/haciendadelalamo.es\/blog\/?s={search_term_string}"},"query-input":"required name=search_term_string"}],"inLanguage":"es"},{"@type":"Organization","@id":"https:\/\/haciendadelalamo.es\/blog\/#organization","name":"Hacienda del \u00c1lamo","url":"https:\/\/haciendadelalamo.es\/blog\/","logo":{"@type":"ImageObject","inLanguage":"es","@id":"https:\/\/haciendadelalamo.es\/blog\/#\/schema\/logo\/image\/","url":"https:\/\/haciendadelalamo.es\/blog\/wp-content\/uploads\/logo-hacienda-del-alamo.png","contentUrl":"https:\/\/haciendadelalamo.es\/blog\/wp-content\/uploads\/logo-hacienda-del-alamo.png","width":250,"height":163,"caption":"Hacienda del \u00c1lamo"},"image":{"@id":"https:\/\/haciendadelalamo.es\/blog\/#\/schema\/logo\/image\/"}},{"@type":"Person","@id":"https:\/\/haciendadelalamo.es\/blog\/#\/schema\/person\/9d53a167b95c1fbb6c06a5fd64d263cb","name":"Hacienda del Alamo","image":{"@type":"ImageObject","inLanguage":"es","@id":"https:\/\/haciendadelalamo.es\/blog\/#\/schema\/person\/image\/","url":"https:\/\/secure.gravatar.com\/avatar\/4c42b2e3bfe1808a2ffd0058abbbc2b9?s=96&d=mm&r=g","contentUrl":"https:\/\/secure.gravatar.com\/avatar\/4c42b2e3bfe1808a2ffd0058abbbc2b9?s=96&d=mm&r=g","caption":"Hacienda del Alamo"},"sameAs":["http:\/\/www.haciendadelalamo.es"]}]}},"_links":{"self":[{"href":"https:\/\/haciendadelalamo.es\/blog\/wp-json\/wp\/v2\/posts\/1656"}],"collection":[{"href":"https:\/\/haciendadelalamo.es\/blog\/wp-json\/wp\/v2\/posts"}],"about":[{"href":"https:\/\/haciendadelalamo.es\/blog\/wp-json\/wp\/v2\/types\/post"}],"author":[{"embeddable":true,"href":"https:\/\/haciendadelalamo.es\/blog\/wp-json\/wp\/v2\/users\/2"}],"replies":[{"embeddable":true,"href":"https:\/\/haciendadelalamo.es\/blog\/wp-json\/wp\/v2\/comments?post=1656"}],"version-history":[{"count":1,"href":"https:\/\/haciendadelalamo.es\/blog\/wp-json\/wp\/v2\/posts\/1656\/revisions"}],"predecessor-version":[{"id":1657,"href":"https:\/\/haciendadelalamo.es\/blog\/wp-json\/wp\/v2\/posts\/1656\/revisions\/1657"}],"wp:attachment":[{"href":"https:\/\/haciendadelalamo.es\/blog\/wp-json\/wp\/v2\/media?parent=1656"}],"wp:term":[{"taxonomy":"category","embeddable":true,"href":"https:\/\/haciendadelalamo.es\/blog\/wp-json\/wp\/v2\/categories?post=1656"},{"taxonomy":"post_tag","embeddable":true,"href":"https:\/\/haciendadelalamo.es\/blog\/wp-json\/wp\/v2\/tags?post=1656"}],"curies":[{"name":"wp","href":"https:\/\/api.w.org\/{rel}","templated":true}]}}