{"id":1601,"date":"2017-11-10T13:24:47","date_gmt":"2017-11-10T11:24:47","guid":{"rendered":"http:\/\/www.haciendadelalamo.es\/blog\/?p=1601"},"modified":"2023-12-01T10:34:53","modified_gmt":"2023-12-01T08:34:53","slug":"gracias-gracias-y-gracias-comentarios-de-nieves-y-markus-13-10-2017","status":"publish","type":"post","link":"https:\/\/haciendadelalamo.es\/blog\/gracias-gracias-y-gracias-comentarios-de-nieves-y-markus-13-10-2017\/","title":{"rendered":"Gracias, gracias y gracias !!!! Comentarios de Nieves y Markus &#8211; 13.10.2017 &#8211;"},"content":{"rendered":"<p>De: <strong>N. S. C.<\/strong><\/p>\n<p>Fecha: 1 de noviembre de 2017, 18:22<\/p>\n<p>Asunto:\u00a0Boda Nieves y Markus<\/p>\n<p>Para: Eva Aguilar &lt;info@haciendadelalamo.es&gt;<br \/>\nBuenas tardes Eva,<\/p>\n<p>Reci\u00e9n llegados de nuestro viaje y poniendo las cosas medio en orden, por fin puedo sentarme a escribirte tranquilamente.<\/p>\n<p>A partir de aqu\u00ed deciros, que no dejo de pensar en el d\u00eda de nuestra boda. Que fue todo maravilloso. Sali\u00f3 todo mejor de lo que hab\u00edamos imaginado nunca. Es una pena que pase tan r\u00e1pido. Pero el recuerdo queda imborrable para siempre. Mi Familia est\u00e1 encantada; para unos padres es muy importante que ese d\u00eda salga todo bien. Es una alegr\u00eda cuando ya casi a 3 semanas de la boda, la gente sigue diciendo lo bueno que estaba todo, lo bonito que era el sitio, como bailaron&#8230;.porque adem\u00e1s es que el DJ parece que es que hubiese le\u00eddo el pensamiento de cada uno de los que estaban all\u00ed. Nuestra \u00faltima canci\u00f3n fue: mi gran Noche , de Rafael, pero debo decirte que de verdad fue una gran noche, que jam\u00e1s olvidaremos.<\/p>\n<p>A ti personalmente, agradecerte que est\u00e9s a todo. Que est\u00e9s tanto pendiente desde la decoraci\u00f3n, los zapatos, el ramo, los regalos, que mi padre quisiese Manzanilla &#8230;. vamos que lo de que tu marido siempre dijese: Eva es la mejor, no s\u00f3lo lo dice por amor.<\/p>\n<p>Atenta porque Markus dice que el d\u00eda que tengamos hijos, el bautizo se celebra all\u00ed!!!!<\/p>\n<p>Gracias, gracias y gracias.<\/p>\n<p>Sois un pedazo de equipo.<\/p>\n<p>Un abrazo enorme Nieves y Markus.<\/p>\n<p>Enviado desde mi iPad<\/p>\n","protected":false},"excerpt":{"rendered":"<p>De: N. S. C. Fecha: 1 de noviembre de 2017, 18:22 Asunto:\u00a0Boda Nieves y Markus Para: Eva Aguilar &lt;info@haciendadelalamo.es&gt; Buenas tardes Eva, Reci\u00e9n llegados de nuestro viaje y poniendo las cosas medio en orden, por fin puedo sentarme a escribirte tranquilamente. A partir de aqu\u00ed deciros, que no dejo de pensar en el d\u00eda de [&hellip;]<\/p>\n","protected":false},"author":2,"featured_media":0,"comment_status":"open","ping_status":"closed","sticky":false,"template":"","format":"standard","meta":{"footnotes":""},"categories":[23],"tags":[],"yoast_head":"<!-- This site is optimized with the Yoast SEO plugin v21.6 - https:\/\/yoast.com\/wordpress\/plugins\/seo\/ -->\n<title>Gracias, gracias y gracias !!!! Comentarios de Nieves y Markus - 13.10.2017 - | Hacienda del \u00c1lamo<\/title>\n<meta name=\"robots\" content=\"noindex, nofollow\" \/>\n<meta property=\"og:locale\" content=\"es_ES\" \/>\n<meta property=\"og:type\" content=\"article\" \/>\n<meta property=\"og:title\" content=\"Gracias, gracias y gracias !!!! Comentarios de Nieves y Markus - 13.10.2017 - | Hacienda del \u00c1lamo\" \/>\n<meta property=\"og:description\" content=\"De: N. S. C. Fecha: 1 de noviembre de 2017, 18:22 Asunto:\u00a0Boda Nieves y Markus Para: Eva Aguilar &lt;info@haciendadelalamo.es&gt; Buenas tardes Eva, Reci\u00e9n llegados de nuestro viaje y poniendo las cosas medio en orden, por fin puedo sentarme a escribirte tranquilamente. A partir de aqu\u00ed deciros, que no dejo de pensar en el d\u00eda de [&hellip;]\" \/>\n<meta property=\"og:url\" content=\"https:\/\/haciendadelalamo.es\/blog\/gracias-gracias-y-gracias-comentarios-de-nieves-y-markus-13-10-2017\/\" \/>\n<meta property=\"og:site_name\" content=\"Hacienda del \u00c1lamo\" \/>\n<meta property=\"article:published_time\" content=\"2017-11-10T11:24:47+00:00\" \/>\n<meta property=\"article:modified_time\" content=\"2023-12-01T08:34:53+00:00\" \/>\n<meta name=\"author\" content=\"Hacienda del Alamo\" \/>\n<meta name=\"twitter:card\" content=\"summary_large_image\" \/>\n<meta name=\"twitter:label1\" content=\"Escrito por\" \/>\n\t<meta name=\"twitter:data1\" content=\"Hacienda del Alamo\" \/>\n\t<meta name=\"twitter:label2\" content=\"Tiempo de lectura\" \/>\n\t<meta name=\"twitter:data2\" content=\"2 minutos\" \/>\n<script type=\"application\/ld+json\" class=\"yoast-schema-graph\">{\"@context\":\"https:\/\/schema.org\",\"@graph\":[{\"@type\":\"Article\",\"@id\":\"https:\/\/haciendadelalamo.es\/blog\/gracias-gracias-y-gracias-comentarios-de-nieves-y-markus-13-10-2017\/#article\",\"isPartOf\":{\"@id\":\"https:\/\/haciendadelalamo.es\/blog\/gracias-gracias-y-gracias-comentarios-de-nieves-y-markus-13-10-2017\/\"},\"author\":{\"name\":\"Hacienda del Alamo\",\"@id\":\"https:\/\/haciendadelalamo.es\/blog\/#\/schema\/person\/9d53a167b95c1fbb6c06a5fd64d263cb\"},\"headline\":\"Gracias, gracias y gracias !!!! Comentarios de Nieves y Markus &#8211; 13.10.2017 &#8211;\",\"datePublished\":\"2017-11-10T11:24:47+00:00\",\"dateModified\":\"2023-12-01T08:34:53+00:00\",\"mainEntityOfPage\":{\"@id\":\"https:\/\/haciendadelalamo.es\/blog\/gracias-gracias-y-gracias-comentarios-de-nieves-y-markus-13-10-2017\/\"},\"wordCount\":279,\"commentCount\":0,\"publisher\":{\"@id\":\"https:\/\/haciendadelalamo.es\/blog\/#organization\"},\"articleSection\":[\"Opiniones de nuestros clientes\"],\"inLanguage\":\"es\",\"potentialAction\":[{\"@type\":\"CommentAction\",\"name\":\"Comment\",\"target\":[\"https:\/\/haciendadelalamo.es\/blog\/gracias-gracias-y-gracias-comentarios-de-nieves-y-markus-13-10-2017\/#respond\"]}]},{\"@type\":\"WebPage\",\"@id\":\"https:\/\/haciendadelalamo.es\/blog\/gracias-gracias-y-gracias-comentarios-de-nieves-y-markus-13-10-2017\/\",\"url\":\"https:\/\/haciendadelalamo.es\/blog\/gracias-gracias-y-gracias-comentarios-de-nieves-y-markus-13-10-2017\/\",\"name\":\"Gracias, gracias y gracias !!!! Comentarios de Nieves y Markus - 13.10.2017 - | Hacienda del \u00c1lamo\",\"isPartOf\":{\"@id\":\"https:\/\/haciendadelalamo.es\/blog\/#website\"},\"datePublished\":\"2017-11-10T11:24:47+00:00\",\"dateModified\":\"2023-12-01T08:34:53+00:00\",\"breadcrumb\":{\"@id\":\"https:\/\/haciendadelalamo.es\/blog\/gracias-gracias-y-gracias-comentarios-de-nieves-y-markus-13-10-2017\/#breadcrumb\"},\"inLanguage\":\"es\",\"potentialAction\":[{\"@type\":\"ReadAction\",\"target\":[\"https:\/\/haciendadelalamo.es\/blog\/gracias-gracias-y-gracias-comentarios-de-nieves-y-markus-13-10-2017\/\"]}]},{\"@type\":\"BreadcrumbList\",\"@id\":\"https:\/\/haciendadelalamo.es\/blog\/gracias-gracias-y-gracias-comentarios-de-nieves-y-markus-13-10-2017\/#breadcrumb\",\"itemListElement\":[{\"@type\":\"ListItem\",\"position\":1,\"name\":\"Portada\",\"item\":\"https:\/\/haciendadelalamo.es\/blog\/\"},{\"@type\":\"ListItem\",\"position\":2,\"name\":\"Gracias, gracias y gracias !!!! Comentarios de Nieves y Markus &#8211; 13.10.2017 &#8211;\"}]},{\"@type\":\"WebSite\",\"@id\":\"https:\/\/haciendadelalamo.es\/blog\/#website\",\"url\":\"https:\/\/haciendadelalamo.es\/blog\/\",\"name\":\"Hacienda del \u00c1lamo\",\"description\":\"Blog\",\"publisher\":{\"@id\":\"https:\/\/haciendadelalamo.es\/blog\/#organization\"},\"potentialAction\":[{\"@type\":\"SearchAction\",\"target\":{\"@type\":\"EntryPoint\",\"urlTemplate\":\"https:\/\/haciendadelalamo.es\/blog\/?s={search_term_string}\"},\"query-input\":\"required name=search_term_string\"}],\"inLanguage\":\"es\"},{\"@type\":\"Organization\",\"@id\":\"https:\/\/haciendadelalamo.es\/blog\/#organization\",\"name\":\"Hacienda del \u00c1lamo\",\"url\":\"https:\/\/haciendadelalamo.es\/blog\/\",\"logo\":{\"@type\":\"ImageObject\",\"inLanguage\":\"es\",\"@id\":\"https:\/\/haciendadelalamo.es\/blog\/#\/schema\/logo\/image\/\",\"url\":\"https:\/\/haciendadelalamo.es\/blog\/wp-content\/uploads\/logo-hacienda-del-alamo.png\",\"contentUrl\":\"https:\/\/haciendadelalamo.es\/blog\/wp-content\/uploads\/logo-hacienda-del-alamo.png\",\"width\":250,\"height\":163,\"caption\":\"Hacienda del \u00c1lamo\"},\"image\":{\"@id\":\"https:\/\/haciendadelalamo.es\/blog\/#\/schema\/logo\/image\/\"}},{\"@type\":\"Person\",\"@id\":\"https:\/\/haciendadelalamo.es\/blog\/#\/schema\/person\/9d53a167b95c1fbb6c06a5fd64d263cb\",\"name\":\"Hacienda del Alamo\",\"image\":{\"@type\":\"ImageObject\",\"inLanguage\":\"es\",\"@id\":\"https:\/\/haciendadelalamo.es\/blog\/#\/schema\/person\/image\/\",\"url\":\"https:\/\/secure.gravatar.com\/avatar\/4c42b2e3bfe1808a2ffd0058abbbc2b9?s=96&d=mm&r=g\",\"contentUrl\":\"https:\/\/secure.gravatar.com\/avatar\/4c42b2e3bfe1808a2ffd0058abbbc2b9?s=96&d=mm&r=g\",\"caption\":\"Hacienda del Alamo\"},\"sameAs\":[\"http:\/\/www.haciendadelalamo.es\"]}]}<\/script>\n<!-- \/ Yoast SEO plugin. -->","yoast_head_json":{"title":"Gracias, gracias y gracias !!!! Comentarios de Nieves y Markus - 13.10.2017 - | Hacienda del \u00c1lamo","robots":{"index":"noindex","follow":"nofollow"},"og_locale":"es_ES","og_type":"article","og_title":"Gracias, gracias y gracias !!!! Comentarios de Nieves y Markus - 13.10.2017 - | Hacienda del \u00c1lamo","og_description":"De: N. S. C. Fecha: 1 de noviembre de 2017, 18:22 Asunto:\u00a0Boda Nieves y Markus Para: Eva Aguilar &lt;info@haciendadelalamo.es&gt; Buenas tardes Eva, Reci\u00e9n llegados de nuestro viaje y poniendo las cosas medio en orden, por fin puedo sentarme a escribirte tranquilamente. A partir de aqu\u00ed deciros, que no dejo de pensar en el d\u00eda de [&hellip;]","og_url":"https:\/\/haciendadelalamo.es\/blog\/gracias-gracias-y-gracias-comentarios-de-nieves-y-markus-13-10-2017\/","og_site_name":"Hacienda del \u00c1lamo","article_published_time":"2017-11-10T11:24:47+00:00","article_modified_time":"2023-12-01T08:34:53+00:00","author":"Hacienda del Alamo","twitter_card":"summary_large_image","twitter_misc":{"Escrito por":"Hacienda del Alamo","Tiempo de lectura":"2 minutos"},"schema":{"@context":"https:\/\/schema.org","@graph":[{"@type":"Article","@id":"https:\/\/haciendadelalamo.es\/blog\/gracias-gracias-y-gracias-comentarios-de-nieves-y-markus-13-10-2017\/#article","isPartOf":{"@id":"https:\/\/haciendadelalamo.es\/blog\/gracias-gracias-y-gracias-comentarios-de-nieves-y-markus-13-10-2017\/"},"author":{"name":"Hacienda del Alamo","@id":"https:\/\/haciendadelalamo.es\/blog\/#\/schema\/person\/9d53a167b95c1fbb6c06a5fd64d263cb"},"headline":"Gracias, gracias y gracias !!!! Comentarios de Nieves y Markus &#8211; 13.10.2017 &#8211;","datePublished":"2017-11-10T11:24:47+00:00","dateModified":"2023-12-01T08:34:53+00:00","mainEntityOfPage":{"@id":"https:\/\/haciendadelalamo.es\/blog\/gracias-gracias-y-gracias-comentarios-de-nieves-y-markus-13-10-2017\/"},"wordCount":279,"commentCount":0,"publisher":{"@id":"https:\/\/haciendadelalamo.es\/blog\/#organization"},"articleSection":["Opiniones de nuestros clientes"],"inLanguage":"es","potentialAction":[{"@type":"CommentAction","name":"Comment","target":["https:\/\/haciendadelalamo.es\/blog\/gracias-gracias-y-gracias-comentarios-de-nieves-y-markus-13-10-2017\/#respond"]}]},{"@type":"WebPage","@id":"https:\/\/haciendadelalamo.es\/blog\/gracias-gracias-y-gracias-comentarios-de-nieves-y-markus-13-10-2017\/","url":"https:\/\/haciendadelalamo.es\/blog\/gracias-gracias-y-gracias-comentarios-de-nieves-y-markus-13-10-2017\/","name":"Gracias, gracias y gracias !!!! Comentarios de Nieves y Markus - 13.10.2017 - | Hacienda del \u00c1lamo","isPartOf":{"@id":"https:\/\/haciendadelalamo.es\/blog\/#website"},"datePublished":"2017-11-10T11:24:47+00:00","dateModified":"2023-12-01T08:34:53+00:00","breadcrumb":{"@id":"https:\/\/haciendadelalamo.es\/blog\/gracias-gracias-y-gracias-comentarios-de-nieves-y-markus-13-10-2017\/#breadcrumb"},"inLanguage":"es","potentialAction":[{"@type":"ReadAction","target":["https:\/\/haciendadelalamo.es\/blog\/gracias-gracias-y-gracias-comentarios-de-nieves-y-markus-13-10-2017\/"]}]},{"@type":"BreadcrumbList","@id":"https:\/\/haciendadelalamo.es\/blog\/gracias-gracias-y-gracias-comentarios-de-nieves-y-markus-13-10-2017\/#breadcrumb","itemListElement":[{"@type":"ListItem","position":1,"name":"Portada","item":"https:\/\/haciendadelalamo.es\/blog\/"},{"@type":"ListItem","position":2,"name":"Gracias, gracias y gracias !!!! Comentarios de Nieves y Markus &#8211; 13.10.2017 &#8211;"}]},{"@type":"WebSite","@id":"https:\/\/haciendadelalamo.es\/blog\/#website","url":"https:\/\/haciendadelalamo.es\/blog\/","name":"Hacienda del \u00c1lamo","description":"Blog","publisher":{"@id":"https:\/\/haciendadelalamo.es\/blog\/#organization"},"potentialAction":[{"@type":"SearchAction","target":{"@type":"EntryPoint","urlTemplate":"https:\/\/haciendadelalamo.es\/blog\/?s={search_term_string}"},"query-input":"required name=search_term_string"}],"inLanguage":"es"},{"@type":"Organization","@id":"https:\/\/haciendadelalamo.es\/blog\/#organization","name":"Hacienda del \u00c1lamo","url":"https:\/\/haciendadelalamo.es\/blog\/","logo":{"@type":"ImageObject","inLanguage":"es","@id":"https:\/\/haciendadelalamo.es\/blog\/#\/schema\/logo\/image\/","url":"https:\/\/haciendadelalamo.es\/blog\/wp-content\/uploads\/logo-hacienda-del-alamo.png","contentUrl":"https:\/\/haciendadelalamo.es\/blog\/wp-content\/uploads\/logo-hacienda-del-alamo.png","width":250,"height":163,"caption":"Hacienda del \u00c1lamo"},"image":{"@id":"https:\/\/haciendadelalamo.es\/blog\/#\/schema\/logo\/image\/"}},{"@type":"Person","@id":"https:\/\/haciendadelalamo.es\/blog\/#\/schema\/person\/9d53a167b95c1fbb6c06a5fd64d263cb","name":"Hacienda del Alamo","image":{"@type":"ImageObject","inLanguage":"es","@id":"https:\/\/haciendadelalamo.es\/blog\/#\/schema\/person\/image\/","url":"https:\/\/secure.gravatar.com\/avatar\/4c42b2e3bfe1808a2ffd0058abbbc2b9?s=96&d=mm&r=g","contentUrl":"https:\/\/secure.gravatar.com\/avatar\/4c42b2e3bfe1808a2ffd0058abbbc2b9?s=96&d=mm&r=g","caption":"Hacienda del Alamo"},"sameAs":["http:\/\/www.haciendadelalamo.es"]}]}},"_links":{"self":[{"href":"https:\/\/haciendadelalamo.es\/blog\/wp-json\/wp\/v2\/posts\/1601"}],"collection":[{"href":"https:\/\/haciendadelalamo.es\/blog\/wp-json\/wp\/v2\/posts"}],"about":[{"href":"https:\/\/haciendadelalamo.es\/blog\/wp-json\/wp\/v2\/types\/post"}],"author":[{"embeddable":true,"href":"https:\/\/haciendadelalamo.es\/blog\/wp-json\/wp\/v2\/users\/2"}],"replies":[{"embeddable":true,"href":"https:\/\/haciendadelalamo.es\/blog\/wp-json\/wp\/v2\/comments?post=1601"}],"version-history":[{"count":1,"href":"https:\/\/haciendadelalamo.es\/blog\/wp-json\/wp\/v2\/posts\/1601\/revisions"}],"predecessor-version":[{"id":1602,"href":"https:\/\/haciendadelalamo.es\/blog\/wp-json\/wp\/v2\/posts\/1601\/revisions\/1602"}],"wp:attachment":[{"href":"https:\/\/haciendadelalamo.es\/blog\/wp-json\/wp\/v2\/media?parent=1601"}],"wp:term":[{"taxonomy":"category","embeddable":true,"href":"https:\/\/haciendadelalamo.es\/blog\/wp-json\/wp\/v2\/categories?post=1601"},{"taxonomy":"post_tag","embeddable":true,"href":"https:\/\/haciendadelalamo.es\/blog\/wp-json\/wp\/v2\/tags?post=1601"}],"curies":[{"name":"wp","href":"https:\/\/api.w.org\/{rel}","templated":true}]}}