{"id":1516,"date":"2017-04-21T10:42:32","date_gmt":"2017-04-21T08:42:32","guid":{"rendered":"http:\/\/www.haciendadelalamo.es\/blog\/?p=1516"},"modified":"2020-12-17T18:09:31","modified_gmt":"2020-12-17T16:09:31","slug":"nos-encantan-las-bodas-en-abril-aunque-sean-de-aguas-mil","status":"publish","type":"post","link":"https:\/\/haciendadelalamo.es\/blog\/nos-encantan-las-bodas-en-abril-aunque-sean-de-aguas-mil\/","title":{"rendered":"Nos encantan las bodas en abril, \u00a1aunque sean de aguas mil!"},"content":{"rendered":"<p>Dice el refr\u00e1n que \u201c<em>en abril, aguas mil<\/em>\u201d.<\/p>\n<p>\u00a1Pues en Hacienda del \u00c1lamo no le tememos a la lluvia! \ud83d\ude09<\/p>\n<p>Las bodas ya no entienden de \u00e9pocas del a\u00f1o ya que cualquier mes se ha convertido en adecuado y atractivo para celebrar una boda, \u00a1y m\u00e1s si es en nuestra finca para bodas en M\u00e1laga! \u00a1Nos encantan las bodas a lo largo de todo el a\u00f1o! Las de oto\u00f1o e invierno tienen un particular encanto y una luz especial, las de primavera gozan de temperatura moderada y de olor a azahar y las de verano que os vamos a contar que no sep\u00e1is.<\/p>\n<p>Adem\u00e1s, en Hacienda del \u00c1lamo contamos con dos espacios exteriores acristalados y climatizados que se adaptan a los diferentes tipos de eventos que se celebren en esta finca para bodas en M\u00e1laga en el caso de que surjan imprevistos por cuestiones meteorol\u00f3gicas en cualquier mes del a\u00f1o, porque aunque se suele temer a las lluvias de meses como abril tambi\u00e9n hay que tener en cuenta el terral de verano.<\/p>\n<figure id=\"attachment_1340\" aria-describedby=\"caption-attachment-1340\" style=\"width: 300px\" class=\"wp-caption aligncenter\"><a href=\"https:\/\/haciendadelalamo.es\/blog\/wp-content\/uploads\/IMG_0916.jpg\"><img decoding=\"async\" loading=\"lazy\" class=\"size-medium wp-image-1340\" src=\"https:\/\/haciendadelalamo.es\/blog\/wp-content\/uploads\/IMG_0916-300x225.jpg\" alt=\"Nuevo acristamiento\" width=\"300\" height=\"225\" srcset=\"https:\/\/haciendadelalamo.es\/blog\/wp-content\/uploads\/IMG_0916-300x225.jpg 300w, https:\/\/haciendadelalamo.es\/blog\/wp-content\/uploads\/IMG_0916-1024x768.jpg 1024w\" sizes=\"(max-width: 300px) 100vw, 300px\" \/><\/a><figcaption id=\"caption-attachment-1340\" class=\"wp-caption-text\">Nuevo acristamiento<\/figcaption><\/figure>\n<p>Nos diferenciamos tambi\u00e9n en que podr\u00e9is disponer de estos espacios sin coste adicional, ya que son elementos existentes en nuestras instalaciones, por lo que os podr\u00e9is despreocupar de tener que instalar carpas o cualquier alternativa de cubiertas con una est\u00e9tica discutible y que adem\u00e1s os supondr\u00eda un importante desembolso extra. Tambi\u00e9n es importante mencionar que estos espacios cuidan por completo la est\u00e9tica y se integran a la perfecci\u00f3n con los espacios naturales de la finca.<\/p>\n<p>Los dos espacios son:<\/p>\n<ul>\n<li><strong>La P\u00e9rgola de la Alberca<\/strong><\/li>\n<\/ul>\n<p><strong>\u00a0<\/strong>En la <a href=\"https:\/\/haciendadelalamo.es\/blog\/la-pergola-de-la-alberca-un-espacio-multidisciplinar-rodeado-de-naturaleza-viva\/\">P\u00e9rgola de la Alberca<\/a> se acogen las ceremonias civiles, los c\u00f3cteles de bienvenida y los banquetes m\u00e1s \u00edntimos cuando no pueden ser celebrados al exterior.<\/p>\n<figure id=\"attachment_1518\" aria-describedby=\"caption-attachment-1518\" style=\"width: 247px\" class=\"wp-caption aligncenter\"><a href=\"https:\/\/haciendadelalamo.es\/blog\/wp-content\/uploads\/boda-alberca.jpg\"><img decoding=\"async\" loading=\"lazy\" class=\"size-medium wp-image-1518\" src=\"https:\/\/haciendadelalamo.es\/blog\/wp-content\/uploads\/boda-alberca-247x300.jpg\" alt=\"Boda civil en la P\u00e9rgola de la Alberca\" width=\"247\" height=\"300\" srcset=\"https:\/\/haciendadelalamo.es\/blog\/wp-content\/uploads\/boda-alberca-247x300.jpg 247w, https:\/\/haciendadelalamo.es\/blog\/wp-content\/uploads\/boda-alberca.jpg 526w\" sizes=\"(max-width: 247px) 100vw, 247px\" \/><\/a><figcaption id=\"caption-attachment-1518\" class=\"wp-caption-text\">Boda civil en la P\u00e9rgola de la Alberca<\/figcaption><\/figure>\n<figure id=\"attachment_1344\" aria-describedby=\"caption-attachment-1344\" style=\"width: 300px\" class=\"wp-caption aligncenter\"><a href=\"https:\/\/haciendadelalamo.es\/blog\/wp-content\/uploads\/EPHOTO-27.jpg\"><img decoding=\"async\" loading=\"lazy\" class=\"size-medium wp-image-1344\" src=\"https:\/\/haciendadelalamo.es\/blog\/wp-content\/uploads\/EPHOTO-27-300x200.jpg\" alt=\"La P\u00e9rgola de la Alberca de d\u00eda\" width=\"300\" height=\"200\" srcset=\"https:\/\/haciendadelalamo.es\/blog\/wp-content\/uploads\/EPHOTO-27-300x200.jpg 300w, https:\/\/haciendadelalamo.es\/blog\/wp-content\/uploads\/EPHOTO-27.jpg 900w\" sizes=\"(max-width: 300px) 100vw, 300px\" \/><\/a><figcaption id=\"caption-attachment-1344\" class=\"wp-caption-text\">La P\u00e9rgola de la Alberca de d\u00eda<\/figcaption><\/figure>\n<ul>\n<li><strong>La P\u00e9rgola de Cristal<\/strong><\/li>\n<\/ul>\n<p><strong>\u00a0<\/strong>Los m\u00e1s de 460 m2 di\u00e1fanos de la <a href=\"https:\/\/haciendadelalamo.es\/blog\/la-pergola-de-cristal-un-salon-acristalado-de-mas-de-460-m2\/\">P\u00e9rgola de Cristal<\/a> la convierten en el espacio estrella para el plan B de Hacienda del \u00c1lamo y en este se acogen todo tipo de eventos: bodas, congresos, reuniones, presentaciones de producto, \u201cteam buildings\u201d\u2026 Es, sin duda, un espacio muy vers\u00e1til y agradable, que te permite seguir disfrutando del entorno natural de la finca al ser acristalado.<\/p>\n<figure id=\"attachment_1519\" aria-describedby=\"caption-attachment-1519\" style=\"width: 300px\" class=\"wp-caption aligncenter\"><a href=\"https:\/\/haciendadelalamo.es\/blog\/wp-content\/uploads\/plan-b-cristal.jpg\"><img decoding=\"async\" loading=\"lazy\" class=\"size-medium wp-image-1519\" src=\"https:\/\/haciendadelalamo.es\/blog\/wp-content\/uploads\/plan-b-cristal-300x225.jpg\" alt=\"P\u00e9rgola de Cristal\" width=\"300\" height=\"225\" srcset=\"https:\/\/haciendadelalamo.es\/blog\/wp-content\/uploads\/plan-b-cristal-300x225.jpg 300w, https:\/\/haciendadelalamo.es\/blog\/wp-content\/uploads\/plan-b-cristal-768x576.jpg 768w, https:\/\/haciendadelalamo.es\/blog\/wp-content\/uploads\/plan-b-cristal-1024x768.jpg 1024w, https:\/\/haciendadelalamo.es\/blog\/wp-content\/uploads\/plan-b-cristal.jpg 1440w\" sizes=\"(max-width: 300px) 100vw, 300px\" \/><\/a><figcaption id=\"caption-attachment-1519\" class=\"wp-caption-text\">P\u00e9rgola de Cristal<\/figcaption><\/figure>\n<ul>\n<li><strong>La Sala Tinao<\/strong><\/li>\n<\/ul>\n<p>\u00a1La fiesta es aqu\u00ed! En caso de no poder usar el patio de piedra anexo, nuestros novios y sus invitados no tendr\u00e1n que preocuparse de que el momento de las copas se vaya a estropear porque para eso contamos con este magn\u00edfico sal\u00f3n, la Sala Tinao, y otros salones contiguos para que disfrut\u00e9is al m\u00e1ximo del baile y del copeteo. As\u00ed que tranquilidad \ud83d\ude42<\/p>\n<figure id=\"attachment_1458\" aria-describedby=\"caption-attachment-1458\" style=\"width: 300px\" class=\"wp-caption aligncenter\"><a href=\"https:\/\/haciendadelalamo.es\/blog\/wp-content\/uploads\/HACIENDA-DEL-ALAMO-1.jpg\"><img decoding=\"async\" loading=\"lazy\" class=\"size-medium wp-image-1458\" src=\"https:\/\/haciendadelalamo.es\/blog\/wp-content\/uploads\/HACIENDA-DEL-ALAMO-1-300x200.jpg\" alt=\"Vista del Patio de Piedra\" width=\"300\" height=\"200\" srcset=\"https:\/\/haciendadelalamo.es\/blog\/wp-content\/uploads\/HACIENDA-DEL-ALAMO-1-300x200.jpg 300w, https:\/\/haciendadelalamo.es\/blog\/wp-content\/uploads\/HACIENDA-DEL-ALAMO-1-768x511.jpg 768w, https:\/\/haciendadelalamo.es\/blog\/wp-content\/uploads\/HACIENDA-DEL-ALAMO-1.jpg 900w\" sizes=\"(max-width: 300px) 100vw, 300px\" \/><\/a><figcaption id=\"caption-attachment-1458\" class=\"wp-caption-text\">Vista del Patio de Piedra<\/figcaption><\/figure>\n<figure id=\"attachment_1456\" aria-describedby=\"caption-attachment-1456\" style=\"width: 300px\" class=\"wp-caption aligncenter\"><a href=\"https:\/\/haciendadelalamo.es\/blog\/wp-content\/uploads\/SALA-TINAO.jpg\"><img decoding=\"async\" loading=\"lazy\" class=\"size-medium wp-image-1456\" src=\"https:\/\/haciendadelalamo.es\/blog\/wp-content\/uploads\/SALA-TINAO-300x200.jpg\" alt=\"Sala Tinao\" width=\"300\" height=\"200\" srcset=\"https:\/\/haciendadelalamo.es\/blog\/wp-content\/uploads\/SALA-TINAO-300x200.jpg 300w, https:\/\/haciendadelalamo.es\/blog\/wp-content\/uploads\/SALA-TINAO-768x511.jpg 768w, https:\/\/haciendadelalamo.es\/blog\/wp-content\/uploads\/SALA-TINAO.jpg 900w\" sizes=\"(max-width: 300px) 100vw, 300px\" \/><\/a><figcaption id=\"caption-attachment-1456\" class=\"wp-caption-text\">Sala Tinao<\/figcaption><\/figure>\n<p>Con nuestro amplio abanico de posibilidades para planes A y tambi\u00e9n para planes B, \u00a1todo estar\u00e1 bajo control! As\u00ed que la calidad, la capacidad y el bienestar de los espacios no ser\u00e1n una preocupaci\u00f3n si te casas con nosotros. \u00a1Os esperamos!<\/p>\n","protected":false},"excerpt":{"rendered":"<p>Dice el refr\u00e1n que \u201cen abril, aguas mil\u201d. \u00a1Pues en Hacienda del \u00c1lamo no le tememos a la lluvia! \ud83d\ude09 Las bodas ya no entienden de \u00e9pocas del a\u00f1o ya que cualquier mes se ha convertido en adecuado y atractivo para celebrar una boda, \u00a1y m\u00e1s si es en nuestra finca para bodas en M\u00e1laga! [&hellip;]<\/p>\n","protected":false},"author":2,"featured_media":1517,"comment_status":"open","ping_status":"closed","sticky":false,"template":"","format":"standard","meta":{"footnotes":""},"categories":[1],"tags":[],"yoast_head":"<!-- This site is optimized with the Yoast SEO plugin v21.6 - https:\/\/yoast.com\/wordpress\/plugins\/seo\/ -->\n<title>Nos encantan las bodas en abril, \u00a1aunque sean de aguas mil! | Hacienda del \u00c1lamo<\/title>\n<meta name=\"robots\" content=\"index, follow, max-snippet:-1, max-image-preview:large, max-video-preview:-1\" \/>\n<link rel=\"canonical\" href=\"https:\/\/haciendadelalamo.es\/blog\/nos-encantan-las-bodas-en-abril-aunque-sean-de-aguas-mil\/\" \/>\n<meta property=\"og:locale\" content=\"es_ES\" \/>\n<meta property=\"og:type\" content=\"article\" \/>\n<meta property=\"og:title\" content=\"Nos encantan las bodas en abril, \u00a1aunque sean de aguas mil! | Hacienda del \u00c1lamo\" \/>\n<meta property=\"og:description\" content=\"Dice el refr\u00e1n que \u201cen abril, aguas mil\u201d. \u00a1Pues en Hacienda del \u00c1lamo no le tememos a la lluvia! \ud83d\ude09 Las bodas ya no entienden de \u00e9pocas del a\u00f1o ya que cualquier mes se ha convertido en adecuado y atractivo para celebrar una boda, \u00a1y m\u00e1s si es en nuestra finca para bodas en M\u00e1laga! [&hellip;]\" \/>\n<meta property=\"og:url\" content=\"https:\/\/haciendadelalamo.es\/blog\/nos-encantan-las-bodas-en-abril-aunque-sean-de-aguas-mil\/\" \/>\n<meta property=\"og:site_name\" content=\"Hacienda del \u00c1lamo\" \/>\n<meta property=\"article:published_time\" content=\"2017-04-21T08:42:32+00:00\" \/>\n<meta property=\"article:modified_time\" content=\"2020-12-17T16:09:31+00:00\" \/>\n<meta property=\"og:image\" content=\"https:\/\/haciendadelalamo.es\/blog\/wp-content\/uploads\/paln-b-ppal.jpg\" \/>\n\t<meta property=\"og:image:width\" content=\"2048\" \/>\n\t<meta property=\"og:image:height\" content=\"1374\" \/>\n\t<meta property=\"og:image:type\" content=\"image\/jpeg\" \/>\n<meta name=\"author\" content=\"Hacienda del Alamo\" \/>\n<meta name=\"twitter:card\" content=\"summary_large_image\" \/>\n<meta name=\"twitter:label1\" content=\"Escrito por\" \/>\n\t<meta name=\"twitter:data1\" content=\"Hacienda del Alamo\" \/>\n\t<meta name=\"twitter:label2\" content=\"Tiempo de lectura\" \/>\n\t<meta name=\"twitter:data2\" content=\"3 minutos\" \/>\n<script type=\"application\/ld+json\" class=\"yoast-schema-graph\">{\"@context\":\"https:\/\/schema.org\",\"@graph\":[{\"@type\":\"Article\",\"@id\":\"https:\/\/haciendadelalamo.es\/blog\/nos-encantan-las-bodas-en-abril-aunque-sean-de-aguas-mil\/#article\",\"isPartOf\":{\"@id\":\"https:\/\/haciendadelalamo.es\/blog\/nos-encantan-las-bodas-en-abril-aunque-sean-de-aguas-mil\/\"},\"author\":{\"name\":\"Hacienda del Alamo\",\"@id\":\"https:\/\/haciendadelalamo.es\/blog\/#\/schema\/person\/9d53a167b95c1fbb6c06a5fd64d263cb\"},\"headline\":\"Nos encantan las bodas en abril, \u00a1aunque sean de aguas mil!\",\"datePublished\":\"2017-04-21T08:42:32+00:00\",\"dateModified\":\"2020-12-17T16:09:31+00:00\",\"mainEntityOfPage\":{\"@id\":\"https:\/\/haciendadelalamo.es\/blog\/nos-encantan-las-bodas-en-abril-aunque-sean-de-aguas-mil\/\"},\"wordCount\":579,\"commentCount\":0,\"publisher\":{\"@id\":\"https:\/\/haciendadelalamo.es\/blog\/#organization\"},\"articleSection\":[\"Nuestras instalaciones\"],\"inLanguage\":\"es\",\"potentialAction\":[{\"@type\":\"CommentAction\",\"name\":\"Comment\",\"target\":[\"https:\/\/haciendadelalamo.es\/blog\/nos-encantan-las-bodas-en-abril-aunque-sean-de-aguas-mil\/#respond\"]}]},{\"@type\":\"WebPage\",\"@id\":\"https:\/\/haciendadelalamo.es\/blog\/nos-encantan-las-bodas-en-abril-aunque-sean-de-aguas-mil\/\",\"url\":\"https:\/\/haciendadelalamo.es\/blog\/nos-encantan-las-bodas-en-abril-aunque-sean-de-aguas-mil\/\",\"name\":\"Nos encantan las bodas en abril, \u00a1aunque sean de aguas mil! | Hacienda del \u00c1lamo\",\"isPartOf\":{\"@id\":\"https:\/\/haciendadelalamo.es\/blog\/#website\"},\"datePublished\":\"2017-04-21T08:42:32+00:00\",\"dateModified\":\"2020-12-17T16:09:31+00:00\",\"breadcrumb\":{\"@id\":\"https:\/\/haciendadelalamo.es\/blog\/nos-encantan-las-bodas-en-abril-aunque-sean-de-aguas-mil\/#breadcrumb\"},\"inLanguage\":\"es\",\"potentialAction\":[{\"@type\":\"ReadAction\",\"target\":[\"https:\/\/haciendadelalamo.es\/blog\/nos-encantan-las-bodas-en-abril-aunque-sean-de-aguas-mil\/\"]}]},{\"@type\":\"BreadcrumbList\",\"@id\":\"https:\/\/haciendadelalamo.es\/blog\/nos-encantan-las-bodas-en-abril-aunque-sean-de-aguas-mil\/#breadcrumb\",\"itemListElement\":[{\"@type\":\"ListItem\",\"position\":1,\"name\":\"Portada\",\"item\":\"https:\/\/haciendadelalamo.es\/blog\/\"},{\"@type\":\"ListItem\",\"position\":2,\"name\":\"Nos encantan las bodas en abril, \u00a1aunque sean de aguas mil!\"}]},{\"@type\":\"WebSite\",\"@id\":\"https:\/\/haciendadelalamo.es\/blog\/#website\",\"url\":\"https:\/\/haciendadelalamo.es\/blog\/\",\"name\":\"Hacienda del \u00c1lamo\",\"description\":\"Blog\",\"publisher\":{\"@id\":\"https:\/\/haciendadelalamo.es\/blog\/#organization\"},\"potentialAction\":[{\"@type\":\"SearchAction\",\"target\":{\"@type\":\"EntryPoint\",\"urlTemplate\":\"https:\/\/haciendadelalamo.es\/blog\/?s={search_term_string}\"},\"query-input\":\"required name=search_term_string\"}],\"inLanguage\":\"es\"},{\"@type\":\"Organization\",\"@id\":\"https:\/\/haciendadelalamo.es\/blog\/#organization\",\"name\":\"Hacienda del \u00c1lamo\",\"url\":\"https:\/\/haciendadelalamo.es\/blog\/\",\"logo\":{\"@type\":\"ImageObject\",\"inLanguage\":\"es\",\"@id\":\"https:\/\/haciendadelalamo.es\/blog\/#\/schema\/logo\/image\/\",\"url\":\"https:\/\/haciendadelalamo.es\/blog\/wp-content\/uploads\/logo-hacienda-del-alamo.png\",\"contentUrl\":\"https:\/\/haciendadelalamo.es\/blog\/wp-content\/uploads\/logo-hacienda-del-alamo.png\",\"width\":250,\"height\":163,\"caption\":\"Hacienda del \u00c1lamo\"},\"image\":{\"@id\":\"https:\/\/haciendadelalamo.es\/blog\/#\/schema\/logo\/image\/\"}},{\"@type\":\"Person\",\"@id\":\"https:\/\/haciendadelalamo.es\/blog\/#\/schema\/person\/9d53a167b95c1fbb6c06a5fd64d263cb\",\"name\":\"Hacienda del Alamo\",\"image\":{\"@type\":\"ImageObject\",\"inLanguage\":\"es\",\"@id\":\"https:\/\/haciendadelalamo.es\/blog\/#\/schema\/person\/image\/\",\"url\":\"https:\/\/secure.gravatar.com\/avatar\/4c42b2e3bfe1808a2ffd0058abbbc2b9?s=96&d=mm&r=g\",\"contentUrl\":\"https:\/\/secure.gravatar.com\/avatar\/4c42b2e3bfe1808a2ffd0058abbbc2b9?s=96&d=mm&r=g\",\"caption\":\"Hacienda del Alamo\"},\"sameAs\":[\"http:\/\/www.haciendadelalamo.es\"]}]}<\/script>\n<!-- \/ Yoast SEO plugin. -->","yoast_head_json":{"title":"Nos encantan las bodas en abril, \u00a1aunque sean de aguas mil! | Hacienda del \u00c1lamo","robots":{"index":"index","follow":"follow","max-snippet":"max-snippet:-1","max-image-preview":"max-image-preview:large","max-video-preview":"max-video-preview:-1"},"canonical":"https:\/\/haciendadelalamo.es\/blog\/nos-encantan-las-bodas-en-abril-aunque-sean-de-aguas-mil\/","og_locale":"es_ES","og_type":"article","og_title":"Nos encantan las bodas en abril, \u00a1aunque sean de aguas mil! | Hacienda del \u00c1lamo","og_description":"Dice el refr\u00e1n que \u201cen abril, aguas mil\u201d. \u00a1Pues en Hacienda del \u00c1lamo no le tememos a la lluvia! \ud83d\ude09 Las bodas ya no entienden de \u00e9pocas del a\u00f1o ya que cualquier mes se ha convertido en adecuado y atractivo para celebrar una boda, \u00a1y m\u00e1s si es en nuestra finca para bodas en M\u00e1laga! [&hellip;]","og_url":"https:\/\/haciendadelalamo.es\/blog\/nos-encantan-las-bodas-en-abril-aunque-sean-de-aguas-mil\/","og_site_name":"Hacienda del \u00c1lamo","article_published_time":"2017-04-21T08:42:32+00:00","article_modified_time":"2020-12-17T16:09:31+00:00","og_image":[{"width":2048,"height":1374,"url":"https:\/\/haciendadelalamo.es\/blog\/wp-content\/uploads\/paln-b-ppal.jpg","type":"image\/jpeg"}],"author":"Hacienda del Alamo","twitter_card":"summary_large_image","twitter_misc":{"Escrito por":"Hacienda del Alamo","Tiempo de lectura":"3 minutos"},"schema":{"@context":"https:\/\/schema.org","@graph":[{"@type":"Article","@id":"https:\/\/haciendadelalamo.es\/blog\/nos-encantan-las-bodas-en-abril-aunque-sean-de-aguas-mil\/#article","isPartOf":{"@id":"https:\/\/haciendadelalamo.es\/blog\/nos-encantan-las-bodas-en-abril-aunque-sean-de-aguas-mil\/"},"author":{"name":"Hacienda del Alamo","@id":"https:\/\/haciendadelalamo.es\/blog\/#\/schema\/person\/9d53a167b95c1fbb6c06a5fd64d263cb"},"headline":"Nos encantan las bodas en abril, \u00a1aunque sean de aguas mil!","datePublished":"2017-04-21T08:42:32+00:00","dateModified":"2020-12-17T16:09:31+00:00","mainEntityOfPage":{"@id":"https:\/\/haciendadelalamo.es\/blog\/nos-encantan-las-bodas-en-abril-aunque-sean-de-aguas-mil\/"},"wordCount":579,"commentCount":0,"publisher":{"@id":"https:\/\/haciendadelalamo.es\/blog\/#organization"},"articleSection":["Nuestras instalaciones"],"inLanguage":"es","potentialAction":[{"@type":"CommentAction","name":"Comment","target":["https:\/\/haciendadelalamo.es\/blog\/nos-encantan-las-bodas-en-abril-aunque-sean-de-aguas-mil\/#respond"]}]},{"@type":"WebPage","@id":"https:\/\/haciendadelalamo.es\/blog\/nos-encantan-las-bodas-en-abril-aunque-sean-de-aguas-mil\/","url":"https:\/\/haciendadelalamo.es\/blog\/nos-encantan-las-bodas-en-abril-aunque-sean-de-aguas-mil\/","name":"Nos encantan las bodas en abril, \u00a1aunque sean de aguas mil! | Hacienda del \u00c1lamo","isPartOf":{"@id":"https:\/\/haciendadelalamo.es\/blog\/#website"},"datePublished":"2017-04-21T08:42:32+00:00","dateModified":"2020-12-17T16:09:31+00:00","breadcrumb":{"@id":"https:\/\/haciendadelalamo.es\/blog\/nos-encantan-las-bodas-en-abril-aunque-sean-de-aguas-mil\/#breadcrumb"},"inLanguage":"es","potentialAction":[{"@type":"ReadAction","target":["https:\/\/haciendadelalamo.es\/blog\/nos-encantan-las-bodas-en-abril-aunque-sean-de-aguas-mil\/"]}]},{"@type":"BreadcrumbList","@id":"https:\/\/haciendadelalamo.es\/blog\/nos-encantan-las-bodas-en-abril-aunque-sean-de-aguas-mil\/#breadcrumb","itemListElement":[{"@type":"ListItem","position":1,"name":"Portada","item":"https:\/\/haciendadelalamo.es\/blog\/"},{"@type":"ListItem","position":2,"name":"Nos encantan las bodas en abril, \u00a1aunque sean de aguas mil!"}]},{"@type":"WebSite","@id":"https:\/\/haciendadelalamo.es\/blog\/#website","url":"https:\/\/haciendadelalamo.es\/blog\/","name":"Hacienda del \u00c1lamo","description":"Blog","publisher":{"@id":"https:\/\/haciendadelalamo.es\/blog\/#organization"},"potentialAction":[{"@type":"SearchAction","target":{"@type":"EntryPoint","urlTemplate":"https:\/\/haciendadelalamo.es\/blog\/?s={search_term_string}"},"query-input":"required name=search_term_string"}],"inLanguage":"es"},{"@type":"Organization","@id":"https:\/\/haciendadelalamo.es\/blog\/#organization","name":"Hacienda del \u00c1lamo","url":"https:\/\/haciendadelalamo.es\/blog\/","logo":{"@type":"ImageObject","inLanguage":"es","@id":"https:\/\/haciendadelalamo.es\/blog\/#\/schema\/logo\/image\/","url":"https:\/\/haciendadelalamo.es\/blog\/wp-content\/uploads\/logo-hacienda-del-alamo.png","contentUrl":"https:\/\/haciendadelalamo.es\/blog\/wp-content\/uploads\/logo-hacienda-del-alamo.png","width":250,"height":163,"caption":"Hacienda del \u00c1lamo"},"image":{"@id":"https:\/\/haciendadelalamo.es\/blog\/#\/schema\/logo\/image\/"}},{"@type":"Person","@id":"https:\/\/haciendadelalamo.es\/blog\/#\/schema\/person\/9d53a167b95c1fbb6c06a5fd64d263cb","name":"Hacienda del Alamo","image":{"@type":"ImageObject","inLanguage":"es","@id":"https:\/\/haciendadelalamo.es\/blog\/#\/schema\/person\/image\/","url":"https:\/\/secure.gravatar.com\/avatar\/4c42b2e3bfe1808a2ffd0058abbbc2b9?s=96&d=mm&r=g","contentUrl":"https:\/\/secure.gravatar.com\/avatar\/4c42b2e3bfe1808a2ffd0058abbbc2b9?s=96&d=mm&r=g","caption":"Hacienda del Alamo"},"sameAs":["http:\/\/www.haciendadelalamo.es"]}]}},"_links":{"self":[{"href":"https:\/\/haciendadelalamo.es\/blog\/wp-json\/wp\/v2\/posts\/1516"}],"collection":[{"href":"https:\/\/haciendadelalamo.es\/blog\/wp-json\/wp\/v2\/posts"}],"about":[{"href":"https:\/\/haciendadelalamo.es\/blog\/wp-json\/wp\/v2\/types\/post"}],"author":[{"embeddable":true,"href":"https:\/\/haciendadelalamo.es\/blog\/wp-json\/wp\/v2\/users\/2"}],"replies":[{"embeddable":true,"href":"https:\/\/haciendadelalamo.es\/blog\/wp-json\/wp\/v2\/comments?post=1516"}],"version-history":[{"count":6,"href":"https:\/\/haciendadelalamo.es\/blog\/wp-json\/wp\/v2\/posts\/1516\/revisions"}],"predecessor-version":[{"id":2006,"href":"https:\/\/haciendadelalamo.es\/blog\/wp-json\/wp\/v2\/posts\/1516\/revisions\/2006"}],"wp:featuredmedia":[{"embeddable":true,"href":"https:\/\/haciendadelalamo.es\/blog\/wp-json\/wp\/v2\/media\/1517"}],"wp:attachment":[{"href":"https:\/\/haciendadelalamo.es\/blog\/wp-json\/wp\/v2\/media?parent=1516"}],"wp:term":[{"taxonomy":"category","embeddable":true,"href":"https:\/\/haciendadelalamo.es\/blog\/wp-json\/wp\/v2\/categories?post=1516"},{"taxonomy":"post_tag","embeddable":true,"href":"https:\/\/haciendadelalamo.es\/blog\/wp-json\/wp\/v2\/tags?post=1516"}],"curies":[{"name":"wp","href":"https:\/\/api.w.org\/{rel}","templated":true}]}}