{"id":1445,"date":"2016-12-28T11:19:30","date_gmt":"2016-12-28T09:19:30","guid":{"rendered":"http:\/\/www.haciendadelalamo.es\/blog\/?p=1445"},"modified":"2020-12-17T18:07:56","modified_gmt":"2020-12-17T16:07:56","slug":"10-puntos-basicos-que-debes-elegir-para-tu-dia-b-en-hacienda-del-alamo","status":"publish","type":"post","link":"https:\/\/haciendadelalamo.es\/blog\/10-puntos-basicos-que-debes-elegir-para-tu-dia-b-en-hacienda-del-alamo\/","title":{"rendered":"10 puntos b\u00e1sicos que debes elegir para tu d\u00eda B en Hacienda del \u00c1lamo"},"content":{"rendered":"<p>\u00bfTe casas o est\u00e1s pensando casarte en <strong>Hacienda del \u00c1lamo<\/strong>? Si nuestra finca para bodas en M\u00e1laga es o ser\u00e1 el lugar elegido para celebrar por todo lo alto el d\u00eda m\u00e1s especial de vuestras vidas, esta gu\u00eda te resultar\u00e1 muy \u00fatil para que no se os olvide nada. Sabemos que son muchas decisiones las que tendr\u00e9is que tomar para que todo salga a la perfecci\u00f3n y para que cada detalle sea elegido con mimo y dedicaci\u00f3n.<\/p>\n<p>A continuaci\u00f3n te contamos 10 puntos b\u00e1sicos que deber\u00e1s elegir para tu d\u00eda B en Hacienda del \u00c1lamo que te ayudar\u00e1n a conocer la gran variedad y versatilidad de nuestros espacios y servicios:<\/p>\n<ol>\n<li><strong> Cu\u00e1ndo ser\u00e1 el \u00abd\u00eda B\u00bb<\/strong><\/li>\n<\/ol>\n<p>\u00a1Fija la fecha de la boda! En M\u00e1laga, pr\u00e1cticamente todos los meses son buenos y con encanto para casarte con nosotros. Pero, \u00bfconoces nuestras promociones? Si te casas en viernes, podr\u00e1s disfrutar de barra libre ilimitada, y si adem\u00e1s te casas de marzo a noviembre \u2013 ambos incluidos \u2013 no tendr\u00e1s que pagar el canon de alquiler de nuestros espacios. En Hacienda del \u00c1lamo disfrutar\u00e1s de una privacidad plena, no tendr\u00e1s l\u00edmite de horario y dispondr\u00e1s de un amplio parking tanto para coches como para autobuses, y todo ello en un entorno de naturaleza \u00fanico con arboleda centenaria y fuentes de estilo \u00e1rabe.<\/p>\n<figure id=\"attachment_1448\" aria-describedby=\"caption-attachment-1448\" style=\"width: 300px\" class=\"wp-caption aligncenter\"><a href=\"https:\/\/haciendadelalamo.es\/blog\/wp-content\/uploads\/2-EL-SURTIDOR.jpg\"><img decoding=\"async\" loading=\"lazy\" class=\"size-medium wp-image-1448\" src=\"https:\/\/haciendadelalamo.es\/blog\/wp-content\/uploads\/2-EL-SURTIDOR-300x200.jpg\" alt=\"El Surtidor\" width=\"300\" height=\"200\" srcset=\"https:\/\/haciendadelalamo.es\/blog\/wp-content\/uploads\/2-EL-SURTIDOR-300x200.jpg 300w, https:\/\/haciendadelalamo.es\/blog\/wp-content\/uploads\/2-EL-SURTIDOR-768x511.jpg 768w, https:\/\/haciendadelalamo.es\/blog\/wp-content\/uploads\/2-EL-SURTIDOR.jpg 900w\" sizes=\"(max-width: 300px) 100vw, 300px\" \/><\/a><figcaption id=\"caption-attachment-1448\" class=\"wp-caption-text\">El Surtidor<\/figcaption><\/figure>\n<ol start=\"2\">\n<li><strong> Qu\u00e9 comeremos y beberemos<\/strong><\/li>\n<\/ol>\n<p>Podr\u00e1s elegir 3 estilos de banquete de la mano de Alabardero Catering: tipo c\u00f3ctel, tipo buffet y tipo banquete. Adem\u00e1s, contar\u00e9is con una interminable lista de extras y estaciones para vuestro c\u00f3ctel de bienvenida: sushi, steak tartar, vermut y encurtidos, panes, quesos, huerto ecol\u00f3gico, barca de espetos, porrones, grifo de cervezas \u201c<em>do it yourself<\/em>\u201d, barra de mojitos, barra de gintonics, etc, etc. Avisamos que esta elecci\u00f3n os llevar\u00e1 un buen rato\u2026\u00a1Tenemos de todo lo que te puedas imaginar y m\u00e1s!<\/p>\n<figure id=\"attachment_1449\" aria-describedby=\"caption-attachment-1449\" style=\"width: 300px\" class=\"wp-caption aligncenter\"><a href=\"https:\/\/haciendadelalamo.es\/blog\/wp-content\/uploads\/barca-de-espetos.jpg\"><img decoding=\"async\" loading=\"lazy\" class=\"size-medium wp-image-1449\" src=\"https:\/\/haciendadelalamo.es\/blog\/wp-content\/uploads\/barca-de-espetos-300x217.jpg\" alt=\"Barca de espetos\" width=\"300\" height=\"217\" srcset=\"https:\/\/haciendadelalamo.es\/blog\/wp-content\/uploads\/barca-de-espetos-300x217.jpg 300w, https:\/\/haciendadelalamo.es\/blog\/wp-content\/uploads\/barca-de-espetos-440x317.jpg 440w, https:\/\/haciendadelalamo.es\/blog\/wp-content\/uploads\/barca-de-espetos.jpg 640w\" sizes=\"(max-width: 300px) 100vw, 300px\" \/><\/a><figcaption id=\"caption-attachment-1449\" class=\"wp-caption-text\">Barca de espetos<\/figcaption><\/figure>\n<figure id=\"attachment_1450\" aria-describedby=\"caption-attachment-1450\" style=\"width: 300px\" class=\"wp-caption aligncenter\"><a href=\"https:\/\/haciendadelalamo.es\/blog\/wp-content\/uploads\/puesto-porrones-1.jpg\"><img decoding=\"async\" loading=\"lazy\" class=\"size-medium wp-image-1450\" src=\"https:\/\/haciendadelalamo.es\/blog\/wp-content\/uploads\/puesto-porrones-1-300x218.jpg\" alt=\"Puesto de porrones\" width=\"300\" height=\"218\" srcset=\"https:\/\/haciendadelalamo.es\/blog\/wp-content\/uploads\/puesto-porrones-1-300x218.jpg 300w, https:\/\/haciendadelalamo.es\/blog\/wp-content\/uploads\/puesto-porrones-1.jpg 640w\" sizes=\"(max-width: 300px) 100vw, 300px\" \/><\/a><figcaption id=\"caption-attachment-1450\" class=\"wp-caption-text\">Puesto de porrones<\/figcaption><\/figure>\n<figure id=\"attachment_1451\" aria-describedby=\"caption-attachment-1451\" style=\"width: 300px\" class=\"wp-caption aligncenter\"><a href=\"https:\/\/haciendadelalamo.es\/blog\/wp-content\/uploads\/cartuchitos.jpg\"><img decoding=\"async\" loading=\"lazy\" class=\"size-medium wp-image-1451\" src=\"https:\/\/haciendadelalamo.es\/blog\/wp-content\/uploads\/cartuchitos-300x200.jpg\" alt=\"Cartuchitos de pesca\u00edto\" width=\"300\" height=\"200\" srcset=\"https:\/\/haciendadelalamo.es\/blog\/wp-content\/uploads\/cartuchitos-300x200.jpg 300w, https:\/\/haciendadelalamo.es\/blog\/wp-content\/uploads\/cartuchitos-768x511.jpg 768w, https:\/\/haciendadelalamo.es\/blog\/wp-content\/uploads\/cartuchitos-1024x681.jpg 1024w, https:\/\/haciendadelalamo.es\/blog\/wp-content\/uploads\/cartuchitos.jpg 2048w\" sizes=\"(max-width: 300px) 100vw, 300px\" \/><\/a><figcaption id=\"caption-attachment-1451\" class=\"wp-caption-text\">Cartuchitos de pesca\u00edto<\/figcaption><\/figure>\n<figure id=\"attachment_1452\" aria-describedby=\"caption-attachment-1452\" style=\"width: 300px\" class=\"wp-caption aligncenter\"><a href=\"https:\/\/haciendadelalamo.es\/blog\/wp-content\/uploads\/barra-gontonics.jpg\"><img decoding=\"async\" loading=\"lazy\" class=\"size-medium wp-image-1452\" src=\"https:\/\/haciendadelalamo.es\/blog\/wp-content\/uploads\/barra-gontonics-300x200.jpg\" alt=\"Barra de gintonics\" width=\"300\" height=\"200\" srcset=\"https:\/\/haciendadelalamo.es\/blog\/wp-content\/uploads\/barra-gontonics-300x200.jpg 300w, https:\/\/haciendadelalamo.es\/blog\/wp-content\/uploads\/barra-gontonics-768x511.jpg 768w, https:\/\/haciendadelalamo.es\/blog\/wp-content\/uploads\/barra-gontonics.jpg 800w\" sizes=\"(max-width: 300px) 100vw, 300px\" \/><\/a><figcaption id=\"caption-attachment-1452\" class=\"wp-caption-text\">Barra de gintonics<\/figcaption><\/figure>\n<ol start=\"3\">\n<li><strong> Qu\u00e9 detalles est\u00e9ticos escogeremos<\/strong><\/li>\n<\/ol>\n<p>Podr\u00e9is elegir la manteler\u00eda para las mesas (tenemos + de 10 tipos diferentes), qu\u00e9 uniforme llevar\u00e1n los camareros, en qu\u00e9 sillas os sentar\u00e9is, cu\u00e1les ser\u00e1n los centros para las mesas, qu\u00e9 soporte usar\u00e9is para el \u201c<em>seating plan\u201d<\/em>\u2026 \u00a1y mucho m\u00e1s! Poco a poco os dar\u00e9is cuenta de que esto no tiene fin&#8230; y que es un recorrido ilusionante.<\/p>\n<ol start=\"4\">\n<li><strong> D\u00f3nde os har\u00e9is las fotos<\/strong><\/li>\n<\/ol>\n<p>Podr\u00e9is recorrer a lo largo y a lo ancho todos los espacios y rincones de nuestra finca para bodas en M\u00e1laga y elegir los que m\u00e1s os gusten. \u00a1Ser\u00e1 toda vuestra! Eso s\u00ed, no podr\u00e1 faltar un buen reportaje en nuestro invernadero\u2026:) Adem\u00e1s si quer\u00e9is revivir ese d\u00eda tan especial pero m\u00e1s tranquilos, podr\u00e9is venir a haceros las fotos que quer\u00e1is otro d\u00eda.<\/p>\n<figure id=\"attachment_1453\" aria-describedby=\"caption-attachment-1453\" style=\"width: 300px\" class=\"wp-caption aligncenter\"><a href=\"https:\/\/haciendadelalamo.es\/blog\/wp-content\/uploads\/INVERNADERO-.jpg\"><img decoding=\"async\" loading=\"lazy\" class=\"size-medium wp-image-1453\" src=\"https:\/\/haciendadelalamo.es\/blog\/wp-content\/uploads\/INVERNADERO--300x200.jpg\" alt=\"Invernadero\" width=\"300\" height=\"200\" srcset=\"https:\/\/haciendadelalamo.es\/blog\/wp-content\/uploads\/INVERNADERO--300x200.jpg 300w, https:\/\/haciendadelalamo.es\/blog\/wp-content\/uploads\/INVERNADERO--768x512.jpg 768w, https:\/\/haciendadelalamo.es\/blog\/wp-content\/uploads\/INVERNADERO-.jpg 960w\" sizes=\"(max-width: 300px) 100vw, 300px\" \/><\/a><figcaption id=\"caption-attachment-1453\" class=\"wp-caption-text\">Invernadero<\/figcaption><\/figure>\n<ol start=\"5\">\n<li><strong> D\u00f3nde ser\u00e1 el c\u00f3ctel de bienvenida<\/strong><\/li>\n<\/ol>\n<p>Desde su llegada, los invitados podr\u00e1n disfrutar y recorrer todos los espacios de nuestra finca, pasando por todos ellos y permaneciendo en los que los novios elij\u00e1is. Para vuestro c\u00f3ctel de bienvenida tendr\u00e9is varias opciones, pero la <a href=\"https:\/\/haciendadelalamo.es\/blog\/la-zona-de-la-cascada-del-acueducto-de-san-telmo-un-amplio-espacio-al-aire-libre-con-mucho-encanto\/\">Zona de la Cascada del Acueducto de San Telmo<\/a> es la que m\u00e1s nos gusta\u2026<\/p>\n<figure id=\"attachment_1454\" aria-describedby=\"caption-attachment-1454\" style=\"width: 300px\" class=\"wp-caption aligncenter\"><a href=\"https:\/\/haciendadelalamo.es\/blog\/wp-content\/uploads\/coctel-cascada.jpg\"><img decoding=\"async\" loading=\"lazy\" class=\"size-medium wp-image-1454\" src=\"https:\/\/haciendadelalamo.es\/blog\/wp-content\/uploads\/coctel-cascada-300x200.jpg\" alt=\"C\u00f3ctel en la Cascada\" width=\"300\" height=\"200\" srcset=\"https:\/\/haciendadelalamo.es\/blog\/wp-content\/uploads\/coctel-cascada-300x200.jpg 300w, https:\/\/haciendadelalamo.es\/blog\/wp-content\/uploads\/coctel-cascada-768x511.jpg 768w, https:\/\/haciendadelalamo.es\/blog\/wp-content\/uploads\/coctel-cascada.jpg 1000w\" sizes=\"(max-width: 300px) 100vw, 300px\" \/><\/a><figcaption id=\"caption-attachment-1454\" class=\"wp-caption-text\">C\u00f3ctel en la Cascada<\/figcaption><\/figure>\n<figure id=\"attachment_1455\" aria-describedby=\"caption-attachment-1455\" style=\"width: 300px\" class=\"wp-caption aligncenter\"><a href=\"https:\/\/haciendadelalamo.es\/blog\/wp-content\/uploads\/2-1.jpg\"><img decoding=\"async\" loading=\"lazy\" class=\"size-medium wp-image-1455\" src=\"https:\/\/haciendadelalamo.es\/blog\/wp-content\/uploads\/2-1-300x200.jpg\" alt=\"C\u00f3ctel en la Cascada\" width=\"300\" height=\"200\" srcset=\"https:\/\/haciendadelalamo.es\/blog\/wp-content\/uploads\/2-1-300x200.jpg 300w, https:\/\/haciendadelalamo.es\/blog\/wp-content\/uploads\/2-1-768x511.jpg 768w, https:\/\/haciendadelalamo.es\/blog\/wp-content\/uploads\/2-1.jpg 900w\" sizes=\"(max-width: 300px) 100vw, 300px\" \/><\/a><figcaption id=\"caption-attachment-1455\" class=\"wp-caption-text\">C\u00f3ctel en la Cascada<\/figcaption><\/figure>\n<ol start=\"6\">\n<li><strong> D\u00f3nde ser\u00e1 el banquete<\/strong><\/li>\n<\/ol>\n<p>Si quer\u00e9is al exterior: en el<a href=\"https:\/\/haciendadelalamo.es\/blog\/un-majestuoso-jardin-al-aire-libre-para-tus-eventos-de-verano\/\"> Jard\u00edn de Verano<\/a><\/p>\n<p>Si quer\u00e9is en interior: en la <a href=\"https:\/\/haciendadelalamo.es\/blog\/la-pergola-de-cristal-un-salon-acristalado-de-mas-de-460-m2\/\">P\u00e9rgola de Cristal<\/a>, en la <a href=\"https:\/\/haciendadelalamo.es\/blog\/la-pergola-de-la-alberca-un-espacio-multidisciplinar-rodeado-de-naturaleza-viva\/\">P\u00e9rgola de la Alberca<\/a> o en algunas dependencias de nuestra Casa-Palacete, para bodas m\u00e1s \u00edntimas.<\/p>\n<ol start=\"7\">\n<li><strong> D\u00f3nde ser\u00e1 el baile y la fiesta<\/strong><\/li>\n<\/ol>\n<p>Bailar\u00e9is, s\u00ed o s\u00ed\u2026 \u00a1y el novio tambi\u00e9n! \u00a1Cualquier rinc\u00f3n ser\u00e1 bonito para la ocasi\u00f3n! Bien en la P\u00e9rgola de Cristal o directamente en la Sala Tinao, que est\u00e1 especialmente dotada para esa parte tan importante de vuestra boda, climatizada, con sus altos techos con l\u00e1mparas colgantes, varios niveles y con suelo anti-deslizante. \u00a1Seguro que no fall\u00e1is! \ud83d\ude09<\/p>\n<ol start=\"8\">\n<li><strong> D\u00f3nde ser\u00e1 la fiesta<\/strong><\/li>\n<\/ol>\n<p>Para el momento de la fiesta, pasaremos al interior de nuestra Casa-Palacete del siglo XIX y estar\u00e9is disfrutando de vuestras copas con primeras marcas y de m\u00fasica en directo en la conocida Sala Tinao. \u00a1Aqu\u00ed el ritmo no podr\u00e1 parar! En sus espacios contiguos al aire libre donde se ubica el bonito patio de piedra, se podr\u00e1n ubicar m\u00e1s extras, el photocall que tanto os divierte y cualquier otra cosa que quer\u00e1is.<\/p>\n<figure id=\"attachment_1456\" aria-describedby=\"caption-attachment-1456\" style=\"width: 300px\" class=\"wp-caption aligncenter\"><a href=\"https:\/\/haciendadelalamo.es\/blog\/wp-content\/uploads\/SALA-TINAO.jpg\"><img decoding=\"async\" loading=\"lazy\" class=\"size-medium wp-image-1456\" src=\"https:\/\/haciendadelalamo.es\/blog\/wp-content\/uploads\/SALA-TINAO-300x200.jpg\" alt=\"Sala Tinao\" width=\"300\" height=\"200\" srcset=\"https:\/\/haciendadelalamo.es\/blog\/wp-content\/uploads\/SALA-TINAO-300x200.jpg 300w, https:\/\/haciendadelalamo.es\/blog\/wp-content\/uploads\/SALA-TINAO-768x511.jpg 768w, https:\/\/haciendadelalamo.es\/blog\/wp-content\/uploads\/SALA-TINAO.jpg 900w\" sizes=\"(max-width: 300px) 100vw, 300px\" \/><\/a><figcaption id=\"caption-attachment-1456\" class=\"wp-caption-text\">Sala Tinao<\/figcaption><\/figure>\n<figure id=\"attachment_1457\" aria-describedby=\"caption-attachment-1457\" style=\"width: 300px\" class=\"wp-caption aligncenter\"><a href=\"https:\/\/haciendadelalamo.es\/blog\/wp-content\/uploads\/SALA-TINAO-PISTA-DE-BAILE-1.jpg\"><img decoding=\"async\" loading=\"lazy\" class=\"size-medium wp-image-1457\" src=\"https:\/\/haciendadelalamo.es\/blog\/wp-content\/uploads\/SALA-TINAO-PISTA-DE-BAILE-1-300x200.jpg\" alt=\"Pista de baile de la Sala Tinao\" width=\"300\" height=\"200\" srcset=\"https:\/\/haciendadelalamo.es\/blog\/wp-content\/uploads\/SALA-TINAO-PISTA-DE-BAILE-1-300x200.jpg 300w, https:\/\/haciendadelalamo.es\/blog\/wp-content\/uploads\/SALA-TINAO-PISTA-DE-BAILE-1-768x511.jpg 768w, https:\/\/haciendadelalamo.es\/blog\/wp-content\/uploads\/SALA-TINAO-PISTA-DE-BAILE-1.jpg 900w\" sizes=\"(max-width: 300px) 100vw, 300px\" \/><\/a><figcaption id=\"caption-attachment-1457\" class=\"wp-caption-text\">Pista de baile de la Sala Tinao<\/figcaption><\/figure>\n<figure id=\"attachment_1458\" aria-describedby=\"caption-attachment-1458\" style=\"width: 300px\" class=\"wp-caption aligncenter\"><a href=\"https:\/\/haciendadelalamo.es\/blog\/wp-content\/uploads\/HACIENDA-DEL-ALAMO-1.jpg\"><img decoding=\"async\" loading=\"lazy\" class=\"size-medium wp-image-1458\" src=\"https:\/\/haciendadelalamo.es\/blog\/wp-content\/uploads\/HACIENDA-DEL-ALAMO-1-300x200.jpg\" alt=\"Vista del Patio de Piedra\" width=\"300\" height=\"200\" srcset=\"https:\/\/haciendadelalamo.es\/blog\/wp-content\/uploads\/HACIENDA-DEL-ALAMO-1-300x200.jpg 300w, https:\/\/haciendadelalamo.es\/blog\/wp-content\/uploads\/HACIENDA-DEL-ALAMO-1-768x511.jpg 768w, https:\/\/haciendadelalamo.es\/blog\/wp-content\/uploads\/HACIENDA-DEL-ALAMO-1.jpg 900w\" sizes=\"(max-width: 300px) 100vw, 300px\" \/><\/a><figcaption id=\"caption-attachment-1458\" class=\"wp-caption-text\">Vista del Patio de Piedra<\/figcaption><\/figure>\n<ol start=\"9\">\n<li><strong> En qu\u00e9 consistir\u00e1 la \u201crecena\u201d<\/strong><\/li>\n<\/ol>\n<p>Para este momento tan clave cuando ya llevamos varias horas de barra libre, \u00a1es cuando hay que darle algo contundente al cuerpo! Entre vuestros bocados favoritos se encuentran las mini-hamburguesas, los perritos y los kebabs. \u00a1Tus invitados se lanzar\u00e1n a por cualquiera de ellos! Os lo decimos por experiencia \ud83d\ude09<\/p>\n<figure id=\"attachment_1459\" aria-describedby=\"caption-attachment-1459\" style=\"width: 300px\" class=\"wp-caption aligncenter\"><a href=\"https:\/\/haciendadelalamo.es\/blog\/wp-content\/uploads\/recena-perritos.jpg\"><img decoding=\"async\" loading=\"lazy\" class=\"size-medium wp-image-1459\" src=\"https:\/\/haciendadelalamo.es\/blog\/wp-content\/uploads\/recena-perritos-300x200.jpg\" alt=\"Puesto de perritos\" width=\"300\" height=\"200\" srcset=\"https:\/\/haciendadelalamo.es\/blog\/wp-content\/uploads\/recena-perritos-300x200.jpg 300w, https:\/\/haciendadelalamo.es\/blog\/wp-content\/uploads\/recena-perritos-768x511.jpg 768w, https:\/\/haciendadelalamo.es\/blog\/wp-content\/uploads\/recena-perritos.jpg 900w\" sizes=\"(max-width: 300px) 100vw, 300px\" \/><\/a><figcaption id=\"caption-attachment-1459\" class=\"wp-caption-text\">Puesto de perritos<\/figcaption><\/figure>\n<figure id=\"attachment_1460\" aria-describedby=\"caption-attachment-1460\" style=\"width: 300px\" class=\"wp-caption aligncenter\"><a href=\"https:\/\/haciendadelalamo.es\/blog\/wp-content\/uploads\/EPHOTO-23.jpg\"><img decoding=\"async\" loading=\"lazy\" class=\"size-medium wp-image-1460\" src=\"https:\/\/haciendadelalamo.es\/blog\/wp-content\/uploads\/EPHOTO-23-300x200.jpg\" alt=\"Puesto de mini-burguers\" width=\"300\" height=\"200\" srcset=\"https:\/\/haciendadelalamo.es\/blog\/wp-content\/uploads\/EPHOTO-23-300x200.jpg 300w, https:\/\/haciendadelalamo.es\/blog\/wp-content\/uploads\/EPHOTO-23-768x511.jpg 768w, https:\/\/haciendadelalamo.es\/blog\/wp-content\/uploads\/EPHOTO-23.jpg 900w\" sizes=\"(max-width: 300px) 100vw, 300px\" \/><\/a><figcaption id=\"caption-attachment-1460\" class=\"wp-caption-text\">Puesto de mini-burguers<\/figcaption><\/figure>\n<figure id=\"attachment_1461\" aria-describedby=\"caption-attachment-1461\" style=\"width: 300px\" class=\"wp-caption aligncenter\"><a href=\"https:\/\/haciendadelalamo.es\/blog\/wp-content\/uploads\/CARRITO-DE-SHAWARMA.jpg\"><img decoding=\"async\" loading=\"lazy\" class=\"size-medium wp-image-1461\" src=\"https:\/\/haciendadelalamo.es\/blog\/wp-content\/uploads\/CARRITO-DE-SHAWARMA-300x200.jpg\" alt=\"Carrito de shawarma\" width=\"300\" height=\"200\" srcset=\"https:\/\/haciendadelalamo.es\/blog\/wp-content\/uploads\/CARRITO-DE-SHAWARMA-300x200.jpg 300w, https:\/\/haciendadelalamo.es\/blog\/wp-content\/uploads\/CARRITO-DE-SHAWARMA-768x512.jpg 768w, https:\/\/haciendadelalamo.es\/blog\/wp-content\/uploads\/CARRITO-DE-SHAWARMA-1024x683.jpg 1024w\" sizes=\"(max-width: 300px) 100vw, 300px\" \/><\/a><figcaption id=\"caption-attachment-1461\" class=\"wp-caption-text\">Carrito de shawarma<\/figcaption><\/figure>\n<ol start=\"10\">\n<li><strong> \u00bfY si llueve?<\/strong><\/li>\n<\/ol>\n<p>En Hacienda del \u00c1lamo siempre hay un plan B. En caso de lluvia, nuestro equipo tendr\u00e1 totalmente planificada una alternativa para cambios de \u00faltima hora. Como ejemplos de opciones os mencionamos la <a href=\"https:\/\/haciendadelalamo.es\/blog\/la-pergola-de-cristal-un-salon-acristalado-de-mas-de-460-m2\/\">P\u00e9rgola de Cristal<\/a> o la <a href=\"https:\/\/haciendadelalamo.es\/blog\/la-pergola-de-la-alberca-un-espacio-multidisciplinar-rodeado-de-naturaleza-viva\/\">P\u00e9rgola de la Alberca<\/a> recientemente acristalada y climatizada para estas ocasiones, ambos espacios amplios y en rodeados de naturaleza ser\u00e1 una opci\u00f3n B muy bonita tambi\u00e9n para dar acogida a todos vuestros invitados sin sorpresas ni costes adicionales.<\/p>\n<figure id=\"attachment_1462\" aria-describedby=\"caption-attachment-1462\" style=\"width: 300px\" class=\"wp-caption aligncenter\"><a href=\"https:\/\/haciendadelalamo.es\/blog\/wp-content\/uploads\/PERGOLA-CRISTAL.jpg\"><img decoding=\"async\" loading=\"lazy\" class=\"size-medium wp-image-1462\" src=\"https:\/\/haciendadelalamo.es\/blog\/wp-content\/uploads\/PERGOLA-CRISTAL-300x225.jpg\" alt=\"P\u00e9rgola de Cristal\" width=\"300\" height=\"225\" srcset=\"https:\/\/haciendadelalamo.es\/blog\/wp-content\/uploads\/PERGOLA-CRISTAL-300x225.jpg 300w, https:\/\/haciendadelalamo.es\/blog\/wp-content\/uploads\/PERGOLA-CRISTAL-768x576.jpg 768w, https:\/\/haciendadelalamo.es\/blog\/wp-content\/uploads\/PERGOLA-CRISTAL.jpg 960w\" sizes=\"(max-width: 300px) 100vw, 300px\" \/><\/a><figcaption id=\"caption-attachment-1462\" class=\"wp-caption-text\">P\u00e9rgola de Cristal<\/figcaption><\/figure>\n<figure id=\"attachment_1463\" aria-describedby=\"caption-attachment-1463\" style=\"width: 300px\" class=\"wp-caption aligncenter\"><a href=\"https:\/\/haciendadelalamo.es\/blog\/wp-content\/uploads\/7-LA-ALBERCA-1.jpg\"><img decoding=\"async\" loading=\"lazy\" class=\"size-medium wp-image-1463\" src=\"https:\/\/haciendadelalamo.es\/blog\/wp-content\/uploads\/7-LA-ALBERCA-1-300x199.jpg\" alt=\"P\u00e9rgola de la Alberca\" width=\"300\" height=\"199\" srcset=\"https:\/\/haciendadelalamo.es\/blog\/wp-content\/uploads\/7-LA-ALBERCA-1-300x199.jpg 300w, https:\/\/haciendadelalamo.es\/blog\/wp-content\/uploads\/7-LA-ALBERCA-1-768x510.jpg 768w, https:\/\/haciendadelalamo.es\/blog\/wp-content\/uploads\/7-LA-ALBERCA-1.jpg 1024w\" sizes=\"(max-width: 300px) 100vw, 300px\" \/><\/a><figcaption id=\"caption-attachment-1463\" class=\"wp-caption-text\">P\u00e9rgola de la Alberca<\/figcaption><\/figure>\n<p>Esperamos que os haya sido \u00fatil y que hay\u00e1is tomado buena nota de todos estos puntos. \u00a1Que empiece la cuenta atr\u00e1s para el d\u00eda B! \ud83d\ude42<\/p>\n","protected":false},"excerpt":{"rendered":"<p>\u00bfTe casas o est\u00e1s pensando casarte en Hacienda del \u00c1lamo? Si nuestra finca para bodas en M\u00e1laga es o ser\u00e1 el lugar elegido para celebrar por todo lo alto el d\u00eda m\u00e1s especial de vuestras vidas, esta gu\u00eda te resultar\u00e1 muy \u00fatil para que no se os olvide nada. Sabemos que son muchas decisiones las [&hellip;]<\/p>\n","protected":false},"author":2,"featured_media":1447,"comment_status":"open","ping_status":"closed","sticky":false,"template":"","format":"standard","meta":{"footnotes":""},"categories":[1],"tags":[],"yoast_head":"<!-- This site is optimized with the Yoast SEO plugin v21.6 - https:\/\/yoast.com\/wordpress\/plugins\/seo\/ -->\n<title>10 puntos b\u00e1sicos que debes elegir para tu d\u00eda B en Hacienda del \u00c1lamo | Hacienda del \u00c1lamo<\/title>\n<meta name=\"robots\" content=\"index, follow, max-snippet:-1, max-image-preview:large, max-video-preview:-1\" \/>\n<link rel=\"canonical\" href=\"https:\/\/haciendadelalamo.es\/blog\/10-puntos-basicos-que-debes-elegir-para-tu-dia-b-en-hacienda-del-alamo\/\" \/>\n<meta property=\"og:locale\" content=\"es_ES\" \/>\n<meta property=\"og:type\" content=\"article\" \/>\n<meta property=\"og:title\" content=\"10 puntos b\u00e1sicos que debes elegir para tu d\u00eda B en Hacienda del \u00c1lamo | Hacienda del \u00c1lamo\" \/>\n<meta property=\"og:description\" content=\"\u00bfTe casas o est\u00e1s pensando casarte en Hacienda del \u00c1lamo? Si nuestra finca para bodas en M\u00e1laga es o ser\u00e1 el lugar elegido para celebrar por todo lo alto el d\u00eda m\u00e1s especial de vuestras vidas, esta gu\u00eda te resultar\u00e1 muy \u00fatil para que no se os olvide nada. Sabemos que son muchas decisiones las [&hellip;]\" \/>\n<meta property=\"og:url\" content=\"https:\/\/haciendadelalamo.es\/blog\/10-puntos-basicos-que-debes-elegir-para-tu-dia-b-en-hacienda-del-alamo\/\" \/>\n<meta property=\"og:site_name\" content=\"Hacienda del \u00c1lamo\" \/>\n<meta property=\"article:published_time\" content=\"2016-12-28T09:19:30+00:00\" \/>\n<meta property=\"article:modified_time\" content=\"2020-12-17T16:07:56+00:00\" \/>\n<meta property=\"og:image\" content=\"https:\/\/haciendadelalamo.es\/blog\/wp-content\/uploads\/fachada.jpg\" \/>\n\t<meta property=\"og:image:width\" content=\"800\" \/>\n\t<meta property=\"og:image:height\" content=\"532\" \/>\n\t<meta property=\"og:image:type\" content=\"image\/jpeg\" \/>\n<meta name=\"author\" content=\"Hacienda del Alamo\" \/>\n<meta name=\"twitter:card\" content=\"summary_large_image\" \/>\n<meta name=\"twitter:label1\" content=\"Escrito por\" \/>\n\t<meta name=\"twitter:data1\" content=\"Hacienda del Alamo\" \/>\n\t<meta name=\"twitter:label2\" content=\"Tiempo de lectura\" \/>\n\t<meta name=\"twitter:data2\" content=\"5 minutos\" \/>\n<script type=\"application\/ld+json\" class=\"yoast-schema-graph\">{\"@context\":\"https:\/\/schema.org\",\"@graph\":[{\"@type\":\"Article\",\"@id\":\"https:\/\/haciendadelalamo.es\/blog\/10-puntos-basicos-que-debes-elegir-para-tu-dia-b-en-hacienda-del-alamo\/#article\",\"isPartOf\":{\"@id\":\"https:\/\/haciendadelalamo.es\/blog\/10-puntos-basicos-que-debes-elegir-para-tu-dia-b-en-hacienda-del-alamo\/\"},\"author\":{\"name\":\"Hacienda del Alamo\",\"@id\":\"https:\/\/haciendadelalamo.es\/blog\/#\/schema\/person\/9d53a167b95c1fbb6c06a5fd64d263cb\"},\"headline\":\"10 puntos b\u00e1sicos que debes elegir para tu d\u00eda B en Hacienda del \u00c1lamo\",\"datePublished\":\"2016-12-28T09:19:30+00:00\",\"dateModified\":\"2020-12-17T16:07:56+00:00\",\"mainEntityOfPage\":{\"@id\":\"https:\/\/haciendadelalamo.es\/blog\/10-puntos-basicos-que-debes-elegir-para-tu-dia-b-en-hacienda-del-alamo\/\"},\"wordCount\":1096,\"commentCount\":0,\"publisher\":{\"@id\":\"https:\/\/haciendadelalamo.es\/blog\/#organization\"},\"articleSection\":[\"Nuestras instalaciones\"],\"inLanguage\":\"es\",\"potentialAction\":[{\"@type\":\"CommentAction\",\"name\":\"Comment\",\"target\":[\"https:\/\/haciendadelalamo.es\/blog\/10-puntos-basicos-que-debes-elegir-para-tu-dia-b-en-hacienda-del-alamo\/#respond\"]}]},{\"@type\":\"WebPage\",\"@id\":\"https:\/\/haciendadelalamo.es\/blog\/10-puntos-basicos-que-debes-elegir-para-tu-dia-b-en-hacienda-del-alamo\/\",\"url\":\"https:\/\/haciendadelalamo.es\/blog\/10-puntos-basicos-que-debes-elegir-para-tu-dia-b-en-hacienda-del-alamo\/\",\"name\":\"10 puntos b\u00e1sicos que debes elegir para tu d\u00eda B en Hacienda del \u00c1lamo | Hacienda del \u00c1lamo\",\"isPartOf\":{\"@id\":\"https:\/\/haciendadelalamo.es\/blog\/#website\"},\"datePublished\":\"2016-12-28T09:19:30+00:00\",\"dateModified\":\"2020-12-17T16:07:56+00:00\",\"breadcrumb\":{\"@id\":\"https:\/\/haciendadelalamo.es\/blog\/10-puntos-basicos-que-debes-elegir-para-tu-dia-b-en-hacienda-del-alamo\/#breadcrumb\"},\"inLanguage\":\"es\",\"potentialAction\":[{\"@type\":\"ReadAction\",\"target\":[\"https:\/\/haciendadelalamo.es\/blog\/10-puntos-basicos-que-debes-elegir-para-tu-dia-b-en-hacienda-del-alamo\/\"]}]},{\"@type\":\"BreadcrumbList\",\"@id\":\"https:\/\/haciendadelalamo.es\/blog\/10-puntos-basicos-que-debes-elegir-para-tu-dia-b-en-hacienda-del-alamo\/#breadcrumb\",\"itemListElement\":[{\"@type\":\"ListItem\",\"position\":1,\"name\":\"Portada\",\"item\":\"https:\/\/haciendadelalamo.es\/blog\/\"},{\"@type\":\"ListItem\",\"position\":2,\"name\":\"10 puntos b\u00e1sicos que debes elegir para tu d\u00eda B en Hacienda del \u00c1lamo\"}]},{\"@type\":\"WebSite\",\"@id\":\"https:\/\/haciendadelalamo.es\/blog\/#website\",\"url\":\"https:\/\/haciendadelalamo.es\/blog\/\",\"name\":\"Hacienda del \u00c1lamo\",\"description\":\"Blog\",\"publisher\":{\"@id\":\"https:\/\/haciendadelalamo.es\/blog\/#organization\"},\"potentialAction\":[{\"@type\":\"SearchAction\",\"target\":{\"@type\":\"EntryPoint\",\"urlTemplate\":\"https:\/\/haciendadelalamo.es\/blog\/?s={search_term_string}\"},\"query-input\":\"required name=search_term_string\"}],\"inLanguage\":\"es\"},{\"@type\":\"Organization\",\"@id\":\"https:\/\/haciendadelalamo.es\/blog\/#organization\",\"name\":\"Hacienda del \u00c1lamo\",\"url\":\"https:\/\/haciendadelalamo.es\/blog\/\",\"logo\":{\"@type\":\"ImageObject\",\"inLanguage\":\"es\",\"@id\":\"https:\/\/haciendadelalamo.es\/blog\/#\/schema\/logo\/image\/\",\"url\":\"https:\/\/haciendadelalamo.es\/blog\/wp-content\/uploads\/logo-hacienda-del-alamo.png\",\"contentUrl\":\"https:\/\/haciendadelalamo.es\/blog\/wp-content\/uploads\/logo-hacienda-del-alamo.png\",\"width\":250,\"height\":163,\"caption\":\"Hacienda del \u00c1lamo\"},\"image\":{\"@id\":\"https:\/\/haciendadelalamo.es\/blog\/#\/schema\/logo\/image\/\"}},{\"@type\":\"Person\",\"@id\":\"https:\/\/haciendadelalamo.es\/blog\/#\/schema\/person\/9d53a167b95c1fbb6c06a5fd64d263cb\",\"name\":\"Hacienda del Alamo\",\"image\":{\"@type\":\"ImageObject\",\"inLanguage\":\"es\",\"@id\":\"https:\/\/haciendadelalamo.es\/blog\/#\/schema\/person\/image\/\",\"url\":\"https:\/\/secure.gravatar.com\/avatar\/4c42b2e3bfe1808a2ffd0058abbbc2b9?s=96&d=mm&r=g\",\"contentUrl\":\"https:\/\/secure.gravatar.com\/avatar\/4c42b2e3bfe1808a2ffd0058abbbc2b9?s=96&d=mm&r=g\",\"caption\":\"Hacienda del Alamo\"},\"sameAs\":[\"http:\/\/www.haciendadelalamo.es\"]}]}<\/script>\n<!-- \/ Yoast SEO plugin. -->","yoast_head_json":{"title":"10 puntos b\u00e1sicos que debes elegir para tu d\u00eda B en Hacienda del \u00c1lamo | Hacienda del \u00c1lamo","robots":{"index":"index","follow":"follow","max-snippet":"max-snippet:-1","max-image-preview":"max-image-preview:large","max-video-preview":"max-video-preview:-1"},"canonical":"https:\/\/haciendadelalamo.es\/blog\/10-puntos-basicos-que-debes-elegir-para-tu-dia-b-en-hacienda-del-alamo\/","og_locale":"es_ES","og_type":"article","og_title":"10 puntos b\u00e1sicos que debes elegir para tu d\u00eda B en Hacienda del \u00c1lamo | Hacienda del \u00c1lamo","og_description":"\u00bfTe casas o est\u00e1s pensando casarte en Hacienda del \u00c1lamo? Si nuestra finca para bodas en M\u00e1laga es o ser\u00e1 el lugar elegido para celebrar por todo lo alto el d\u00eda m\u00e1s especial de vuestras vidas, esta gu\u00eda te resultar\u00e1 muy \u00fatil para que no se os olvide nada. Sabemos que son muchas decisiones las [&hellip;]","og_url":"https:\/\/haciendadelalamo.es\/blog\/10-puntos-basicos-que-debes-elegir-para-tu-dia-b-en-hacienda-del-alamo\/","og_site_name":"Hacienda del \u00c1lamo","article_published_time":"2016-12-28T09:19:30+00:00","article_modified_time":"2020-12-17T16:07:56+00:00","og_image":[{"width":800,"height":532,"url":"https:\/\/haciendadelalamo.es\/blog\/wp-content\/uploads\/fachada.jpg","type":"image\/jpeg"}],"author":"Hacienda del Alamo","twitter_card":"summary_large_image","twitter_misc":{"Escrito por":"Hacienda del Alamo","Tiempo de lectura":"5 minutos"},"schema":{"@context":"https:\/\/schema.org","@graph":[{"@type":"Article","@id":"https:\/\/haciendadelalamo.es\/blog\/10-puntos-basicos-que-debes-elegir-para-tu-dia-b-en-hacienda-del-alamo\/#article","isPartOf":{"@id":"https:\/\/haciendadelalamo.es\/blog\/10-puntos-basicos-que-debes-elegir-para-tu-dia-b-en-hacienda-del-alamo\/"},"author":{"name":"Hacienda del Alamo","@id":"https:\/\/haciendadelalamo.es\/blog\/#\/schema\/person\/9d53a167b95c1fbb6c06a5fd64d263cb"},"headline":"10 puntos b\u00e1sicos que debes elegir para tu d\u00eda B en Hacienda del \u00c1lamo","datePublished":"2016-12-28T09:19:30+00:00","dateModified":"2020-12-17T16:07:56+00:00","mainEntityOfPage":{"@id":"https:\/\/haciendadelalamo.es\/blog\/10-puntos-basicos-que-debes-elegir-para-tu-dia-b-en-hacienda-del-alamo\/"},"wordCount":1096,"commentCount":0,"publisher":{"@id":"https:\/\/haciendadelalamo.es\/blog\/#organization"},"articleSection":["Nuestras instalaciones"],"inLanguage":"es","potentialAction":[{"@type":"CommentAction","name":"Comment","target":["https:\/\/haciendadelalamo.es\/blog\/10-puntos-basicos-que-debes-elegir-para-tu-dia-b-en-hacienda-del-alamo\/#respond"]}]},{"@type":"WebPage","@id":"https:\/\/haciendadelalamo.es\/blog\/10-puntos-basicos-que-debes-elegir-para-tu-dia-b-en-hacienda-del-alamo\/","url":"https:\/\/haciendadelalamo.es\/blog\/10-puntos-basicos-que-debes-elegir-para-tu-dia-b-en-hacienda-del-alamo\/","name":"10 puntos b\u00e1sicos que debes elegir para tu d\u00eda B en Hacienda del \u00c1lamo | Hacienda del \u00c1lamo","isPartOf":{"@id":"https:\/\/haciendadelalamo.es\/blog\/#website"},"datePublished":"2016-12-28T09:19:30+00:00","dateModified":"2020-12-17T16:07:56+00:00","breadcrumb":{"@id":"https:\/\/haciendadelalamo.es\/blog\/10-puntos-basicos-que-debes-elegir-para-tu-dia-b-en-hacienda-del-alamo\/#breadcrumb"},"inLanguage":"es","potentialAction":[{"@type":"ReadAction","target":["https:\/\/haciendadelalamo.es\/blog\/10-puntos-basicos-que-debes-elegir-para-tu-dia-b-en-hacienda-del-alamo\/"]}]},{"@type":"BreadcrumbList","@id":"https:\/\/haciendadelalamo.es\/blog\/10-puntos-basicos-que-debes-elegir-para-tu-dia-b-en-hacienda-del-alamo\/#breadcrumb","itemListElement":[{"@type":"ListItem","position":1,"name":"Portada","item":"https:\/\/haciendadelalamo.es\/blog\/"},{"@type":"ListItem","position":2,"name":"10 puntos b\u00e1sicos que debes elegir para tu d\u00eda B en Hacienda del \u00c1lamo"}]},{"@type":"WebSite","@id":"https:\/\/haciendadelalamo.es\/blog\/#website","url":"https:\/\/haciendadelalamo.es\/blog\/","name":"Hacienda del \u00c1lamo","description":"Blog","publisher":{"@id":"https:\/\/haciendadelalamo.es\/blog\/#organization"},"potentialAction":[{"@type":"SearchAction","target":{"@type":"EntryPoint","urlTemplate":"https:\/\/haciendadelalamo.es\/blog\/?s={search_term_string}"},"query-input":"required name=search_term_string"}],"inLanguage":"es"},{"@type":"Organization","@id":"https:\/\/haciendadelalamo.es\/blog\/#organization","name":"Hacienda del \u00c1lamo","url":"https:\/\/haciendadelalamo.es\/blog\/","logo":{"@type":"ImageObject","inLanguage":"es","@id":"https:\/\/haciendadelalamo.es\/blog\/#\/schema\/logo\/image\/","url":"https:\/\/haciendadelalamo.es\/blog\/wp-content\/uploads\/logo-hacienda-del-alamo.png","contentUrl":"https:\/\/haciendadelalamo.es\/blog\/wp-content\/uploads\/logo-hacienda-del-alamo.png","width":250,"height":163,"caption":"Hacienda del \u00c1lamo"},"image":{"@id":"https:\/\/haciendadelalamo.es\/blog\/#\/schema\/logo\/image\/"}},{"@type":"Person","@id":"https:\/\/haciendadelalamo.es\/blog\/#\/schema\/person\/9d53a167b95c1fbb6c06a5fd64d263cb","name":"Hacienda del Alamo","image":{"@type":"ImageObject","inLanguage":"es","@id":"https:\/\/haciendadelalamo.es\/blog\/#\/schema\/person\/image\/","url":"https:\/\/secure.gravatar.com\/avatar\/4c42b2e3bfe1808a2ffd0058abbbc2b9?s=96&d=mm&r=g","contentUrl":"https:\/\/secure.gravatar.com\/avatar\/4c42b2e3bfe1808a2ffd0058abbbc2b9?s=96&d=mm&r=g","caption":"Hacienda del Alamo"},"sameAs":["http:\/\/www.haciendadelalamo.es"]}]}},"_links":{"self":[{"href":"https:\/\/haciendadelalamo.es\/blog\/wp-json\/wp\/v2\/posts\/1445"}],"collection":[{"href":"https:\/\/haciendadelalamo.es\/blog\/wp-json\/wp\/v2\/posts"}],"about":[{"href":"https:\/\/haciendadelalamo.es\/blog\/wp-json\/wp\/v2\/types\/post"}],"author":[{"embeddable":true,"href":"https:\/\/haciendadelalamo.es\/blog\/wp-json\/wp\/v2\/users\/2"}],"replies":[{"embeddable":true,"href":"https:\/\/haciendadelalamo.es\/blog\/wp-json\/wp\/v2\/comments?post=1445"}],"version-history":[{"count":10,"href":"https:\/\/haciendadelalamo.es\/blog\/wp-json\/wp\/v2\/posts\/1445\/revisions"}],"predecessor-version":[{"id":2004,"href":"https:\/\/haciendadelalamo.es\/blog\/wp-json\/wp\/v2\/posts\/1445\/revisions\/2004"}],"wp:featuredmedia":[{"embeddable":true,"href":"https:\/\/haciendadelalamo.es\/blog\/wp-json\/wp\/v2\/media\/1447"}],"wp:attachment":[{"href":"https:\/\/haciendadelalamo.es\/blog\/wp-json\/wp\/v2\/media?parent=1445"}],"wp:term":[{"taxonomy":"category","embeddable":true,"href":"https:\/\/haciendadelalamo.es\/blog\/wp-json\/wp\/v2\/categories?post=1445"},{"taxonomy":"post_tag","embeddable":true,"href":"https:\/\/haciendadelalamo.es\/blog\/wp-json\/wp\/v2\/tags?post=1445"}],"curies":[{"name":"wp","href":"https:\/\/api.w.org\/{rel}","templated":true}]}}