{"id":1379,"date":"2016-09-05T12:57:22","date_gmt":"2016-09-05T10:57:22","guid":{"rendered":"http:\/\/www.haciendadelalamo.es\/blog\/?p=1379"},"modified":"2023-12-01T10:39:10","modified_gmt":"2023-12-01T08:39:10","slug":"agradecimiento-de-patricia-y-alvaro-muchisimas-gracias-por-tanto-carino","status":"publish","type":"post","link":"https:\/\/haciendadelalamo.es\/blog\/agradecimiento-de-patricia-y-alvaro-muchisimas-gracias-por-tanto-carino\/","title":{"rendered":"Agradecimiento de Patricia y Alvaro ** Muchisimas gracias por tanto cari\u00f1o **"},"content":{"rendered":"<p>De: <strong>P. P.H.<\/strong><\/p>\n<p>Fecha: 29 de agosto de 2016, 18:58<\/p>\n<p>Asunto: Agradecimientos boda Patricia y Alvaro<\/p>\n<p>Para:info@haciendadelalamo.es<\/p>\n<p>Buenas tardes Eva,<\/p>\n<p>Han pasado justo dos meses desde nuestra boda y a\u00fan se me llenan los ojos de l\u00e1grimas de emoci\u00f3n de recordarla, y eso es, en parte, gracias a todo el equipo de Hacienda del \u00c1lamo. Desde el primer momento que tuvimos contacto con vosotros supimos que era el sitio ideal para celebrar nuestro enlace. Los diferentes espacios de la Hacienda y la profesionalidad que se respira entre vosotros hicieron que no tuvi\u00e9semos ninguna duda al respecto. Todo eso se manifest\u00f3 en los meses posteriores, donde ve\u00edamos que\u00a0ning\u00fan detalle se dejaba al azar y eso hac\u00eda que nosotros disfrut\u00e1semos al m\u00e1ximo de todos los preparativos sin pasar ni un s\u00f3lo d\u00eda de inseguridad ni miedos pensando en que algo no saliese bien.<\/p>\n<p>A d\u00eda de hoy a\u00fan siguen lleg\u00e1ndonos felicitaciones por parte de los invitados ( y de los que no lo eran!) por la maravillosa boda que celebramos.\u00a0Todos quedaron encantados con el sitio, la comida y todo el equipo.\u00a0 As\u00ed que qu\u00e9 menos que daros las gracias a todos por hacer realidad el sue\u00f1o de muchas parejas, hacer de su boda un d\u00eda perfecto. Gracias a todos, gracias a Mar\u00eda por recibirnos con esa alegr\u00eda y ense\u00f1arnos todos los detalles de la Hacienda, gracias a Alejandro por hacernos pasar una prueba de men\u00fa fabulosa y por hacer que todo el servicio vaya sobre ruedas, y por supuesto gracias a t\u00ed, por esa vitalidad que tienes, por hacerlo todo mucho m\u00e1s f\u00e1cil y por estar dispuesta a todo.<\/p>\n<p>GRACIAS POR HABER CONVERTIDO NUESTRA BODA EN EL D\u00cdA MAS FELIZ DE NUESTRAS VIDAS.<\/p>\n<p>P.D: Nos vemos pronto! mi hermana se casa en septiembre 2017 all\u00ed!! :D:D:D<\/p>\n<p><a href=\"https:\/\/haciendadelalamo.es\/blog\/wp-content\/uploads\/Patricia_y_Alvaro_5D3_4375.jpg\"><img decoding=\"async\" loading=\"lazy\" class=\"size-medium wp-image-1380 alignright\" src=\"https:\/\/haciendadelalamo.es\/blog\/wp-content\/uploads\/Patricia_y_Alvaro_5D3_4375-300x200.jpg\" alt=\"Patricia_y_Alvaro_5D3_4375\" width=\"300\" height=\"200\" srcset=\"https:\/\/haciendadelalamo.es\/blog\/wp-content\/uploads\/Patricia_y_Alvaro_5D3_4375-300x200.jpg 300w, https:\/\/haciendadelalamo.es\/blog\/wp-content\/uploads\/Patricia_y_Alvaro_5D3_4375-1024x682.jpg 1024w, https:\/\/haciendadelalamo.es\/blog\/wp-content\/uploads\/Patricia_y_Alvaro_5D3_4375.jpg 1289w\" sizes=\"(max-width: 300px) 100vw, 300px\" \/><\/a> <a href=\"https:\/\/haciendadelalamo.es\/blog\/wp-content\/uploads\/Patricia_y_Alvaro_5D3_4384.jpg\"><img decoding=\"async\" loading=\"lazy\" class=\"size-medium wp-image-1381 alignnone\" src=\"https:\/\/haciendadelalamo.es\/blog\/wp-content\/uploads\/Patricia_y_Alvaro_5D3_4384-300x200.jpg\" alt=\"Patricia_y_Alvaro_5D3_4384\" width=\"300\" height=\"200\" srcset=\"https:\/\/haciendadelalamo.es\/blog\/wp-content\/uploads\/Patricia_y_Alvaro_5D3_4384-300x200.jpg 300w, https:\/\/haciendadelalamo.es\/blog\/wp-content\/uploads\/Patricia_y_Alvaro_5D3_4384-1024x682.jpg 1024w, https:\/\/haciendadelalamo.es\/blog\/wp-content\/uploads\/Patricia_y_Alvaro_5D3_4384.jpg 1289w\" sizes=\"(max-width: 300px) 100vw, 300px\" \/><\/a> <a href=\"https:\/\/haciendadelalamo.es\/blog\/wp-content\/uploads\/Patricia_y_Alvaro_5D3_4678.jpg\"><img decoding=\"async\" loading=\"lazy\" class=\"size-medium wp-image-1382 aligncenter\" src=\"https:\/\/haciendadelalamo.es\/blog\/wp-content\/uploads\/Patricia_y_Alvaro_5D3_4678-300x192.jpg\" alt=\"Patricia_y_Alvaro_5D3_4678\" width=\"300\" height=\"192\" srcset=\"https:\/\/haciendadelalamo.es\/blog\/wp-content\/uploads\/Patricia_y_Alvaro_5D3_4678-300x192.jpg 300w, https:\/\/haciendadelalamo.es\/blog\/wp-content\/uploads\/Patricia_y_Alvaro_5D3_4678-1024x656.jpg 1024w, https:\/\/haciendadelalamo.es\/blog\/wp-content\/uploads\/Patricia_y_Alvaro_5D3_4678.jpg 1289w\" sizes=\"(max-width: 300px) 100vw, 300px\" \/><\/a> <a href=\"https:\/\/haciendadelalamo.es\/blog\/wp-content\/uploads\/Patricia_y_Alvaro_5D3_4685.jpg\"><img decoding=\"async\" loading=\"lazy\" class=\"size-medium wp-image-1383 alignright\" src=\"https:\/\/haciendadelalamo.es\/blog\/wp-content\/uploads\/Patricia_y_Alvaro_5D3_4685-300x192.jpg\" alt=\"Patricia_y_Alvaro_5D3_4685\" width=\"300\" height=\"192\" srcset=\"https:\/\/haciendadelalamo.es\/blog\/wp-content\/uploads\/Patricia_y_Alvaro_5D3_4685-300x192.jpg 300w, https:\/\/haciendadelalamo.es\/blog\/wp-content\/uploads\/Patricia_y_Alvaro_5D3_4685-1024x656.jpg 1024w, https:\/\/haciendadelalamo.es\/blog\/wp-content\/uploads\/Patricia_y_Alvaro_5D3_4685.jpg 1289w\" sizes=\"(max-width: 300px) 100vw, 300px\" \/><\/a> <a href=\"https:\/\/haciendadelalamo.es\/blog\/wp-content\/uploads\/Patricia_y_Alvaro_IMG_3187.jpg\"><img decoding=\"async\" loading=\"lazy\" class=\"size-medium wp-image-1384 alignleft\" src=\"https:\/\/haciendadelalamo.es\/blog\/wp-content\/uploads\/Patricia_y_Alvaro_IMG_3187-300x200.jpg\" alt=\"Patricia_y_Alvaro_IMG_3187\" width=\"300\" height=\"200\" srcset=\"https:\/\/haciendadelalamo.es\/blog\/wp-content\/uploads\/Patricia_y_Alvaro_IMG_3187-300x200.jpg 300w, https:\/\/haciendadelalamo.es\/blog\/wp-content\/uploads\/Patricia_y_Alvaro_IMG_3187-1024x682.jpg 1024w, https:\/\/haciendadelalamo.es\/blog\/wp-content\/uploads\/Patricia_y_Alvaro_IMG_3187.jpg 1289w\" sizes=\"(max-width: 300px) 100vw, 300px\" \/><\/a><\/p>\n","protected":false},"excerpt":{"rendered":"<p>De: P. P.H. Fecha: 29 de agosto de 2016, 18:58 Asunto: Agradecimientos boda Patricia y Alvaro Para:info@haciendadelalamo.es Buenas tardes Eva, Han pasado justo dos meses desde nuestra boda y a\u00fan se me llenan los ojos de l\u00e1grimas de emoci\u00f3n de recordarla, y eso es, en parte, gracias a todo el equipo de Hacienda del \u00c1lamo. [&hellip;]<\/p>\n","protected":false},"author":2,"featured_media":0,"comment_status":"open","ping_status":"closed","sticky":false,"template":"","format":"standard","meta":{"footnotes":""},"categories":[23],"tags":[],"yoast_head":"<!-- This site is optimized with the Yoast SEO plugin v21.6 - https:\/\/yoast.com\/wordpress\/plugins\/seo\/ -->\n<title>Agradecimiento de Patricia y Alvaro ** Muchisimas gracias por tanto cari\u00f1o ** | Hacienda del \u00c1lamo<\/title>\n<meta name=\"robots\" content=\"noindex, nofollow\" \/>\n<meta property=\"og:locale\" content=\"es_ES\" \/>\n<meta property=\"og:type\" content=\"article\" \/>\n<meta property=\"og:title\" content=\"Agradecimiento de Patricia y Alvaro ** Muchisimas gracias por tanto cari\u00f1o ** | Hacienda del \u00c1lamo\" \/>\n<meta property=\"og:description\" content=\"De: P. P.H. Fecha: 29 de agosto de 2016, 18:58 Asunto: Agradecimientos boda Patricia y Alvaro Para:info@haciendadelalamo.es Buenas tardes Eva, Han pasado justo dos meses desde nuestra boda y a\u00fan se me llenan los ojos de l\u00e1grimas de emoci\u00f3n de recordarla, y eso es, en parte, gracias a todo el equipo de Hacienda del \u00c1lamo. [&hellip;]\" \/>\n<meta property=\"og:url\" content=\"https:\/\/haciendadelalamo.es\/blog\/agradecimiento-de-patricia-y-alvaro-muchisimas-gracias-por-tanto-carino\/\" \/>\n<meta property=\"og:site_name\" content=\"Hacienda del \u00c1lamo\" \/>\n<meta property=\"article:published_time\" content=\"2016-09-05T10:57:22+00:00\" \/>\n<meta property=\"article:modified_time\" content=\"2023-12-01T08:39:10+00:00\" \/>\n<meta property=\"og:image\" content=\"https:\/\/haciendadelalamo.es\/blog\/wp-content\/uploads\/Patricia_y_Alvaro_5D3_4375-300x200.jpg\" \/>\n<meta name=\"author\" content=\"Hacienda del Alamo\" \/>\n<meta name=\"twitter:card\" content=\"summary_large_image\" \/>\n<meta name=\"twitter:label1\" content=\"Escrito por\" \/>\n\t<meta name=\"twitter:data1\" content=\"Hacienda del Alamo\" \/>\n\t<meta name=\"twitter:label2\" content=\"Tiempo de lectura\" \/>\n\t<meta name=\"twitter:data2\" content=\"3 minutos\" \/>\n<script type=\"application\/ld+json\" class=\"yoast-schema-graph\">{\"@context\":\"https:\/\/schema.org\",\"@graph\":[{\"@type\":\"Article\",\"@id\":\"https:\/\/haciendadelalamo.es\/blog\/agradecimiento-de-patricia-y-alvaro-muchisimas-gracias-por-tanto-carino\/#article\",\"isPartOf\":{\"@id\":\"https:\/\/haciendadelalamo.es\/blog\/agradecimiento-de-patricia-y-alvaro-muchisimas-gracias-por-tanto-carino\/\"},\"author\":{\"name\":\"Hacienda del Alamo\",\"@id\":\"https:\/\/haciendadelalamo.es\/blog\/#\/schema\/person\/9d53a167b95c1fbb6c06a5fd64d263cb\"},\"headline\":\"Agradecimiento de Patricia y Alvaro ** Muchisimas gracias por tanto cari\u00f1o **\",\"datePublished\":\"2016-09-05T10:57:22+00:00\",\"dateModified\":\"2023-12-01T08:39:10+00:00\",\"mainEntityOfPage\":{\"@id\":\"https:\/\/haciendadelalamo.es\/blog\/agradecimiento-de-patricia-y-alvaro-muchisimas-gracias-por-tanto-carino\/\"},\"wordCount\":331,\"commentCount\":0,\"publisher\":{\"@id\":\"https:\/\/haciendadelalamo.es\/blog\/#organization\"},\"articleSection\":[\"Opiniones de nuestros clientes\"],\"inLanguage\":\"es\",\"potentialAction\":[{\"@type\":\"CommentAction\",\"name\":\"Comment\",\"target\":[\"https:\/\/haciendadelalamo.es\/blog\/agradecimiento-de-patricia-y-alvaro-muchisimas-gracias-por-tanto-carino\/#respond\"]}]},{\"@type\":\"WebPage\",\"@id\":\"https:\/\/haciendadelalamo.es\/blog\/agradecimiento-de-patricia-y-alvaro-muchisimas-gracias-por-tanto-carino\/\",\"url\":\"https:\/\/haciendadelalamo.es\/blog\/agradecimiento-de-patricia-y-alvaro-muchisimas-gracias-por-tanto-carino\/\",\"name\":\"Agradecimiento de Patricia y Alvaro ** Muchisimas gracias por tanto cari\u00f1o ** | Hacienda del \u00c1lamo\",\"isPartOf\":{\"@id\":\"https:\/\/haciendadelalamo.es\/blog\/#website\"},\"datePublished\":\"2016-09-05T10:57:22+00:00\",\"dateModified\":\"2023-12-01T08:39:10+00:00\",\"breadcrumb\":{\"@id\":\"https:\/\/haciendadelalamo.es\/blog\/agradecimiento-de-patricia-y-alvaro-muchisimas-gracias-por-tanto-carino\/#breadcrumb\"},\"inLanguage\":\"es\",\"potentialAction\":[{\"@type\":\"ReadAction\",\"target\":[\"https:\/\/haciendadelalamo.es\/blog\/agradecimiento-de-patricia-y-alvaro-muchisimas-gracias-por-tanto-carino\/\"]}]},{\"@type\":\"BreadcrumbList\",\"@id\":\"https:\/\/haciendadelalamo.es\/blog\/agradecimiento-de-patricia-y-alvaro-muchisimas-gracias-por-tanto-carino\/#breadcrumb\",\"itemListElement\":[{\"@type\":\"ListItem\",\"position\":1,\"name\":\"Portada\",\"item\":\"https:\/\/haciendadelalamo.es\/blog\/\"},{\"@type\":\"ListItem\",\"position\":2,\"name\":\"Agradecimiento de Patricia y Alvaro ** Muchisimas gracias por tanto cari\u00f1o **\"}]},{\"@type\":\"WebSite\",\"@id\":\"https:\/\/haciendadelalamo.es\/blog\/#website\",\"url\":\"https:\/\/haciendadelalamo.es\/blog\/\",\"name\":\"Hacienda del \u00c1lamo\",\"description\":\"Blog\",\"publisher\":{\"@id\":\"https:\/\/haciendadelalamo.es\/blog\/#organization\"},\"potentialAction\":[{\"@type\":\"SearchAction\",\"target\":{\"@type\":\"EntryPoint\",\"urlTemplate\":\"https:\/\/haciendadelalamo.es\/blog\/?s={search_term_string}\"},\"query-input\":\"required name=search_term_string\"}],\"inLanguage\":\"es\"},{\"@type\":\"Organization\",\"@id\":\"https:\/\/haciendadelalamo.es\/blog\/#organization\",\"name\":\"Hacienda del \u00c1lamo\",\"url\":\"https:\/\/haciendadelalamo.es\/blog\/\",\"logo\":{\"@type\":\"ImageObject\",\"inLanguage\":\"es\",\"@id\":\"https:\/\/haciendadelalamo.es\/blog\/#\/schema\/logo\/image\/\",\"url\":\"https:\/\/haciendadelalamo.es\/blog\/wp-content\/uploads\/logo-hacienda-del-alamo.png\",\"contentUrl\":\"https:\/\/haciendadelalamo.es\/blog\/wp-content\/uploads\/logo-hacienda-del-alamo.png\",\"width\":250,\"height\":163,\"caption\":\"Hacienda del \u00c1lamo\"},\"image\":{\"@id\":\"https:\/\/haciendadelalamo.es\/blog\/#\/schema\/logo\/image\/\"}},{\"@type\":\"Person\",\"@id\":\"https:\/\/haciendadelalamo.es\/blog\/#\/schema\/person\/9d53a167b95c1fbb6c06a5fd64d263cb\",\"name\":\"Hacienda del Alamo\",\"image\":{\"@type\":\"ImageObject\",\"inLanguage\":\"es\",\"@id\":\"https:\/\/haciendadelalamo.es\/blog\/#\/schema\/person\/image\/\",\"url\":\"https:\/\/secure.gravatar.com\/avatar\/4c42b2e3bfe1808a2ffd0058abbbc2b9?s=96&d=mm&r=g\",\"contentUrl\":\"https:\/\/secure.gravatar.com\/avatar\/4c42b2e3bfe1808a2ffd0058abbbc2b9?s=96&d=mm&r=g\",\"caption\":\"Hacienda del Alamo\"},\"sameAs\":[\"http:\/\/www.haciendadelalamo.es\"]}]}<\/script>\n<!-- \/ Yoast SEO plugin. -->","yoast_head_json":{"title":"Agradecimiento de Patricia y Alvaro ** Muchisimas gracias por tanto cari\u00f1o ** | Hacienda del \u00c1lamo","robots":{"index":"noindex","follow":"nofollow"},"og_locale":"es_ES","og_type":"article","og_title":"Agradecimiento de Patricia y Alvaro ** Muchisimas gracias por tanto cari\u00f1o ** | Hacienda del \u00c1lamo","og_description":"De: P. P.H. Fecha: 29 de agosto de 2016, 18:58 Asunto: Agradecimientos boda Patricia y Alvaro Para:info@haciendadelalamo.es Buenas tardes Eva, Han pasado justo dos meses desde nuestra boda y a\u00fan se me llenan los ojos de l\u00e1grimas de emoci\u00f3n de recordarla, y eso es, en parte, gracias a todo el equipo de Hacienda del \u00c1lamo. [&hellip;]","og_url":"https:\/\/haciendadelalamo.es\/blog\/agradecimiento-de-patricia-y-alvaro-muchisimas-gracias-por-tanto-carino\/","og_site_name":"Hacienda del \u00c1lamo","article_published_time":"2016-09-05T10:57:22+00:00","article_modified_time":"2023-12-01T08:39:10+00:00","og_image":[{"url":"https:\/\/haciendadelalamo.es\/blog\/wp-content\/uploads\/Patricia_y_Alvaro_5D3_4375-300x200.jpg"}],"author":"Hacienda del Alamo","twitter_card":"summary_large_image","twitter_misc":{"Escrito por":"Hacienda del Alamo","Tiempo de lectura":"3 minutos"},"schema":{"@context":"https:\/\/schema.org","@graph":[{"@type":"Article","@id":"https:\/\/haciendadelalamo.es\/blog\/agradecimiento-de-patricia-y-alvaro-muchisimas-gracias-por-tanto-carino\/#article","isPartOf":{"@id":"https:\/\/haciendadelalamo.es\/blog\/agradecimiento-de-patricia-y-alvaro-muchisimas-gracias-por-tanto-carino\/"},"author":{"name":"Hacienda del Alamo","@id":"https:\/\/haciendadelalamo.es\/blog\/#\/schema\/person\/9d53a167b95c1fbb6c06a5fd64d263cb"},"headline":"Agradecimiento de Patricia y Alvaro ** Muchisimas gracias por tanto cari\u00f1o **","datePublished":"2016-09-05T10:57:22+00:00","dateModified":"2023-12-01T08:39:10+00:00","mainEntityOfPage":{"@id":"https:\/\/haciendadelalamo.es\/blog\/agradecimiento-de-patricia-y-alvaro-muchisimas-gracias-por-tanto-carino\/"},"wordCount":331,"commentCount":0,"publisher":{"@id":"https:\/\/haciendadelalamo.es\/blog\/#organization"},"articleSection":["Opiniones de nuestros clientes"],"inLanguage":"es","potentialAction":[{"@type":"CommentAction","name":"Comment","target":["https:\/\/haciendadelalamo.es\/blog\/agradecimiento-de-patricia-y-alvaro-muchisimas-gracias-por-tanto-carino\/#respond"]}]},{"@type":"WebPage","@id":"https:\/\/haciendadelalamo.es\/blog\/agradecimiento-de-patricia-y-alvaro-muchisimas-gracias-por-tanto-carino\/","url":"https:\/\/haciendadelalamo.es\/blog\/agradecimiento-de-patricia-y-alvaro-muchisimas-gracias-por-tanto-carino\/","name":"Agradecimiento de Patricia y Alvaro ** Muchisimas gracias por tanto cari\u00f1o ** | Hacienda del \u00c1lamo","isPartOf":{"@id":"https:\/\/haciendadelalamo.es\/blog\/#website"},"datePublished":"2016-09-05T10:57:22+00:00","dateModified":"2023-12-01T08:39:10+00:00","breadcrumb":{"@id":"https:\/\/haciendadelalamo.es\/blog\/agradecimiento-de-patricia-y-alvaro-muchisimas-gracias-por-tanto-carino\/#breadcrumb"},"inLanguage":"es","potentialAction":[{"@type":"ReadAction","target":["https:\/\/haciendadelalamo.es\/blog\/agradecimiento-de-patricia-y-alvaro-muchisimas-gracias-por-tanto-carino\/"]}]},{"@type":"BreadcrumbList","@id":"https:\/\/haciendadelalamo.es\/blog\/agradecimiento-de-patricia-y-alvaro-muchisimas-gracias-por-tanto-carino\/#breadcrumb","itemListElement":[{"@type":"ListItem","position":1,"name":"Portada","item":"https:\/\/haciendadelalamo.es\/blog\/"},{"@type":"ListItem","position":2,"name":"Agradecimiento de Patricia y Alvaro ** Muchisimas gracias por tanto cari\u00f1o **"}]},{"@type":"WebSite","@id":"https:\/\/haciendadelalamo.es\/blog\/#website","url":"https:\/\/haciendadelalamo.es\/blog\/","name":"Hacienda del \u00c1lamo","description":"Blog","publisher":{"@id":"https:\/\/haciendadelalamo.es\/blog\/#organization"},"potentialAction":[{"@type":"SearchAction","target":{"@type":"EntryPoint","urlTemplate":"https:\/\/haciendadelalamo.es\/blog\/?s={search_term_string}"},"query-input":"required name=search_term_string"}],"inLanguage":"es"},{"@type":"Organization","@id":"https:\/\/haciendadelalamo.es\/blog\/#organization","name":"Hacienda del \u00c1lamo","url":"https:\/\/haciendadelalamo.es\/blog\/","logo":{"@type":"ImageObject","inLanguage":"es","@id":"https:\/\/haciendadelalamo.es\/blog\/#\/schema\/logo\/image\/","url":"https:\/\/haciendadelalamo.es\/blog\/wp-content\/uploads\/logo-hacienda-del-alamo.png","contentUrl":"https:\/\/haciendadelalamo.es\/blog\/wp-content\/uploads\/logo-hacienda-del-alamo.png","width":250,"height":163,"caption":"Hacienda del \u00c1lamo"},"image":{"@id":"https:\/\/haciendadelalamo.es\/blog\/#\/schema\/logo\/image\/"}},{"@type":"Person","@id":"https:\/\/haciendadelalamo.es\/blog\/#\/schema\/person\/9d53a167b95c1fbb6c06a5fd64d263cb","name":"Hacienda del Alamo","image":{"@type":"ImageObject","inLanguage":"es","@id":"https:\/\/haciendadelalamo.es\/blog\/#\/schema\/person\/image\/","url":"https:\/\/secure.gravatar.com\/avatar\/4c42b2e3bfe1808a2ffd0058abbbc2b9?s=96&d=mm&r=g","contentUrl":"https:\/\/secure.gravatar.com\/avatar\/4c42b2e3bfe1808a2ffd0058abbbc2b9?s=96&d=mm&r=g","caption":"Hacienda del Alamo"},"sameAs":["http:\/\/www.haciendadelalamo.es"]}]}},"_links":{"self":[{"href":"https:\/\/haciendadelalamo.es\/blog\/wp-json\/wp\/v2\/posts\/1379"}],"collection":[{"href":"https:\/\/haciendadelalamo.es\/blog\/wp-json\/wp\/v2\/posts"}],"about":[{"href":"https:\/\/haciendadelalamo.es\/blog\/wp-json\/wp\/v2\/types\/post"}],"author":[{"embeddable":true,"href":"https:\/\/haciendadelalamo.es\/blog\/wp-json\/wp\/v2\/users\/2"}],"replies":[{"embeddable":true,"href":"https:\/\/haciendadelalamo.es\/blog\/wp-json\/wp\/v2\/comments?post=1379"}],"version-history":[{"count":2,"href":"https:\/\/haciendadelalamo.es\/blog\/wp-json\/wp\/v2\/posts\/1379\/revisions"}],"predecessor-version":[{"id":2071,"href":"https:\/\/haciendadelalamo.es\/blog\/wp-json\/wp\/v2\/posts\/1379\/revisions\/2071"}],"wp:attachment":[{"href":"https:\/\/haciendadelalamo.es\/blog\/wp-json\/wp\/v2\/media?parent=1379"}],"wp:term":[{"taxonomy":"category","embeddable":true,"href":"https:\/\/haciendadelalamo.es\/blog\/wp-json\/wp\/v2\/categories?post=1379"},{"taxonomy":"post_tag","embeddable":true,"href":"https:\/\/haciendadelalamo.es\/blog\/wp-json\/wp\/v2\/tags?post=1379"}],"curies":[{"name":"wp","href":"https:\/\/api.w.org\/{rel}","templated":true}]}}