{"id":1365,"date":"2016-07-25T10:33:59","date_gmt":"2016-07-25T08:33:59","guid":{"rendered":"http:\/\/www.haciendadelalamo.es\/blog\/?p=1365"},"modified":"2023-12-01T10:42:30","modified_gmt":"2023-12-01T08:42:30","slug":"mensaje-a-todo-el-equipo-de-hacienda-del-alamo-y-especialmente-a-nuestra-wendy-planner","status":"publish","type":"post","link":"https:\/\/haciendadelalamo.es\/blog\/mensaje-a-todo-el-equipo-de-hacienda-del-alamo-y-especialmente-a-nuestra-wendy-planner\/","title":{"rendered":"Mensaje a todo el equipo de Hacienda del Alamo y especialmente a nuestra \u00abWendy Planner\u00bb !!"},"content":{"rendered":"<p>Querida Eva,<\/p>\n<p>No hay palabras para describir lo felices que estamos!!! Que bien sali\u00f3 todo, que precioso estaba, que coordinaci\u00f3n, pero sobre todo que profesionales y que maravilla de personas, empezando por ti,\u00a0y por Ra\u00fal, Alejandro,\u00a0Marta, Curro&#8230;y cada uno de los camareros, y personas que trabajan en la Hacienda del \u00c1lamo, todo sali\u00f3 perfecto, tal y como hab\u00edamos so\u00f1ado! La boda fluy\u00f3 increiblemente bien, y no es que lo diga la gente (que lo dice) es que se ve en todos los videos que nos van mandando, el coctail fue precioso, la comida muy rica y la fiesta indescriptible, un fiest\u00f3n!!! A la vuelta de Jap\u00f3n vamos a verte para darte un gran abrazo!<\/p>\n<p>Te queremos, te lo decimos de coraz\u00f3n, no se puede ser m\u00e1s rica que t\u00fa, me vienen flashes a la cabeza, como has estado pendiente de cada detalle, como me arreglaste el vestido, como me tranquilizabas los d\u00edas de antes!!!!!<\/p>\n<p>Millones de besos,<\/p>\n<p>&#8212;<\/p>\n<p><strong>BBVA<\/strong><\/p>\n<p><strong>Raquel Carrillo Fern\u00e1ndez<\/strong><\/p>\n<p><strong>Digital Marketing\u00a0<\/strong><\/p>\n<p>&nbsp;<\/p>\n","protected":false},"excerpt":{"rendered":"<p>Querida Eva, No hay palabras para describir lo felices que estamos!!! Que bien sali\u00f3 todo, que precioso estaba, que coordinaci\u00f3n, pero sobre todo que profesionales y que maravilla de personas, empezando por ti,\u00a0y por Ra\u00fal, Alejandro,\u00a0Marta, Curro&#8230;y cada uno de los camareros, y personas que trabajan en la Hacienda del \u00c1lamo, todo sali\u00f3 perfecto, tal [&hellip;]<\/p>\n","protected":false},"author":2,"featured_media":0,"comment_status":"open","ping_status":"closed","sticky":false,"template":"","format":"standard","meta":{"footnotes":""},"categories":[23],"tags":[],"yoast_head":"<!-- This site is optimized with the Yoast SEO plugin v21.6 - https:\/\/yoast.com\/wordpress\/plugins\/seo\/ -->\n<title>Mensaje a todo el equipo de Hacienda del Alamo y especialmente a nuestra &quot;Wendy Planner&quot; !! | Hacienda del \u00c1lamo<\/title>\n<meta name=\"robots\" content=\"noindex, nofollow\" \/>\n<meta property=\"og:locale\" content=\"es_ES\" \/>\n<meta property=\"og:type\" content=\"article\" \/>\n<meta property=\"og:title\" content=\"Mensaje a todo el equipo de Hacienda del Alamo y especialmente a nuestra &quot;Wendy Planner&quot; !! | Hacienda del \u00c1lamo\" \/>\n<meta property=\"og:description\" content=\"Querida Eva, No hay palabras para describir lo felices que estamos!!! Que bien sali\u00f3 todo, que precioso estaba, que coordinaci\u00f3n, pero sobre todo que profesionales y que maravilla de personas, empezando por ti,\u00a0y por Ra\u00fal, Alejandro,\u00a0Marta, Curro&#8230;y cada uno de los camareros, y personas que trabajan en la Hacienda del \u00c1lamo, todo sali\u00f3 perfecto, tal [&hellip;]\" \/>\n<meta property=\"og:url\" content=\"https:\/\/haciendadelalamo.es\/blog\/mensaje-a-todo-el-equipo-de-hacienda-del-alamo-y-especialmente-a-nuestra-wendy-planner\/\" \/>\n<meta property=\"og:site_name\" content=\"Hacienda del \u00c1lamo\" \/>\n<meta property=\"article:published_time\" content=\"2016-07-25T08:33:59+00:00\" \/>\n<meta property=\"article:modified_time\" content=\"2023-12-01T08:42:30+00:00\" \/>\n<meta name=\"author\" content=\"Hacienda del Alamo\" \/>\n<meta name=\"twitter:card\" content=\"summary_large_image\" \/>\n<meta name=\"twitter:label1\" content=\"Escrito por\" \/>\n\t<meta name=\"twitter:data1\" content=\"Hacienda del Alamo\" \/>\n\t<meta name=\"twitter:label2\" content=\"Tiempo de lectura\" \/>\n\t<meta name=\"twitter:data2\" content=\"1 minuto\" \/>\n<script type=\"application\/ld+json\" class=\"yoast-schema-graph\">{\"@context\":\"https:\/\/schema.org\",\"@graph\":[{\"@type\":\"Article\",\"@id\":\"https:\/\/haciendadelalamo.es\/blog\/mensaje-a-todo-el-equipo-de-hacienda-del-alamo-y-especialmente-a-nuestra-wendy-planner\/#article\",\"isPartOf\":{\"@id\":\"https:\/\/haciendadelalamo.es\/blog\/mensaje-a-todo-el-equipo-de-hacienda-del-alamo-y-especialmente-a-nuestra-wendy-planner\/\"},\"author\":{\"name\":\"Hacienda del Alamo\",\"@id\":\"https:\/\/haciendadelalamo.es\/blog\/#\/schema\/person\/9d53a167b95c1fbb6c06a5fd64d263cb\"},\"headline\":\"Mensaje a todo el equipo de Hacienda del Alamo y especialmente a nuestra \u00abWendy Planner\u00bb !!\",\"datePublished\":\"2016-07-25T08:33:59+00:00\",\"dateModified\":\"2023-12-01T08:42:30+00:00\",\"mainEntityOfPage\":{\"@id\":\"https:\/\/haciendadelalamo.es\/blog\/mensaje-a-todo-el-equipo-de-hacienda-del-alamo-y-especialmente-a-nuestra-wendy-planner\/\"},\"wordCount\":193,\"commentCount\":0,\"publisher\":{\"@id\":\"https:\/\/haciendadelalamo.es\/blog\/#organization\"},\"articleSection\":[\"Opiniones de nuestros clientes\"],\"inLanguage\":\"es\",\"potentialAction\":[{\"@type\":\"CommentAction\",\"name\":\"Comment\",\"target\":[\"https:\/\/haciendadelalamo.es\/blog\/mensaje-a-todo-el-equipo-de-hacienda-del-alamo-y-especialmente-a-nuestra-wendy-planner\/#respond\"]}]},{\"@type\":\"WebPage\",\"@id\":\"https:\/\/haciendadelalamo.es\/blog\/mensaje-a-todo-el-equipo-de-hacienda-del-alamo-y-especialmente-a-nuestra-wendy-planner\/\",\"url\":\"https:\/\/haciendadelalamo.es\/blog\/mensaje-a-todo-el-equipo-de-hacienda-del-alamo-y-especialmente-a-nuestra-wendy-planner\/\",\"name\":\"Mensaje a todo el equipo de Hacienda del Alamo y especialmente a nuestra \\\"Wendy Planner\\\" !! | Hacienda del \u00c1lamo\",\"isPartOf\":{\"@id\":\"https:\/\/haciendadelalamo.es\/blog\/#website\"},\"datePublished\":\"2016-07-25T08:33:59+00:00\",\"dateModified\":\"2023-12-01T08:42:30+00:00\",\"breadcrumb\":{\"@id\":\"https:\/\/haciendadelalamo.es\/blog\/mensaje-a-todo-el-equipo-de-hacienda-del-alamo-y-especialmente-a-nuestra-wendy-planner\/#breadcrumb\"},\"inLanguage\":\"es\",\"potentialAction\":[{\"@type\":\"ReadAction\",\"target\":[\"https:\/\/haciendadelalamo.es\/blog\/mensaje-a-todo-el-equipo-de-hacienda-del-alamo-y-especialmente-a-nuestra-wendy-planner\/\"]}]},{\"@type\":\"BreadcrumbList\",\"@id\":\"https:\/\/haciendadelalamo.es\/blog\/mensaje-a-todo-el-equipo-de-hacienda-del-alamo-y-especialmente-a-nuestra-wendy-planner\/#breadcrumb\",\"itemListElement\":[{\"@type\":\"ListItem\",\"position\":1,\"name\":\"Portada\",\"item\":\"https:\/\/haciendadelalamo.es\/blog\/\"},{\"@type\":\"ListItem\",\"position\":2,\"name\":\"Mensaje a todo el equipo de Hacienda del Alamo y especialmente a nuestra \u00abWendy Planner\u00bb !!\"}]},{\"@type\":\"WebSite\",\"@id\":\"https:\/\/haciendadelalamo.es\/blog\/#website\",\"url\":\"https:\/\/haciendadelalamo.es\/blog\/\",\"name\":\"Hacienda del \u00c1lamo\",\"description\":\"Blog\",\"publisher\":{\"@id\":\"https:\/\/haciendadelalamo.es\/blog\/#organization\"},\"potentialAction\":[{\"@type\":\"SearchAction\",\"target\":{\"@type\":\"EntryPoint\",\"urlTemplate\":\"https:\/\/haciendadelalamo.es\/blog\/?s={search_term_string}\"},\"query-input\":\"required name=search_term_string\"}],\"inLanguage\":\"es\"},{\"@type\":\"Organization\",\"@id\":\"https:\/\/haciendadelalamo.es\/blog\/#organization\",\"name\":\"Hacienda del \u00c1lamo\",\"url\":\"https:\/\/haciendadelalamo.es\/blog\/\",\"logo\":{\"@type\":\"ImageObject\",\"inLanguage\":\"es\",\"@id\":\"https:\/\/haciendadelalamo.es\/blog\/#\/schema\/logo\/image\/\",\"url\":\"https:\/\/haciendadelalamo.es\/blog\/wp-content\/uploads\/logo-hacienda-del-alamo.png\",\"contentUrl\":\"https:\/\/haciendadelalamo.es\/blog\/wp-content\/uploads\/logo-hacienda-del-alamo.png\",\"width\":250,\"height\":163,\"caption\":\"Hacienda del \u00c1lamo\"},\"image\":{\"@id\":\"https:\/\/haciendadelalamo.es\/blog\/#\/schema\/logo\/image\/\"}},{\"@type\":\"Person\",\"@id\":\"https:\/\/haciendadelalamo.es\/blog\/#\/schema\/person\/9d53a167b95c1fbb6c06a5fd64d263cb\",\"name\":\"Hacienda del Alamo\",\"image\":{\"@type\":\"ImageObject\",\"inLanguage\":\"es\",\"@id\":\"https:\/\/haciendadelalamo.es\/blog\/#\/schema\/person\/image\/\",\"url\":\"https:\/\/secure.gravatar.com\/avatar\/4c42b2e3bfe1808a2ffd0058abbbc2b9?s=96&d=mm&r=g\",\"contentUrl\":\"https:\/\/secure.gravatar.com\/avatar\/4c42b2e3bfe1808a2ffd0058abbbc2b9?s=96&d=mm&r=g\",\"caption\":\"Hacienda del Alamo\"},\"sameAs\":[\"http:\/\/www.haciendadelalamo.es\"]}]}<\/script>\n<!-- \/ Yoast SEO plugin. -->","yoast_head_json":{"title":"Mensaje a todo el equipo de Hacienda del Alamo y especialmente a nuestra \"Wendy Planner\" !! | Hacienda del \u00c1lamo","robots":{"index":"noindex","follow":"nofollow"},"og_locale":"es_ES","og_type":"article","og_title":"Mensaje a todo el equipo de Hacienda del Alamo y especialmente a nuestra \"Wendy Planner\" !! | Hacienda del \u00c1lamo","og_description":"Querida Eva, No hay palabras para describir lo felices que estamos!!! Que bien sali\u00f3 todo, que precioso estaba, que coordinaci\u00f3n, pero sobre todo que profesionales y que maravilla de personas, empezando por ti,\u00a0y por Ra\u00fal, Alejandro,\u00a0Marta, Curro&#8230;y cada uno de los camareros, y personas que trabajan en la Hacienda del \u00c1lamo, todo sali\u00f3 perfecto, tal [&hellip;]","og_url":"https:\/\/haciendadelalamo.es\/blog\/mensaje-a-todo-el-equipo-de-hacienda-del-alamo-y-especialmente-a-nuestra-wendy-planner\/","og_site_name":"Hacienda del \u00c1lamo","article_published_time":"2016-07-25T08:33:59+00:00","article_modified_time":"2023-12-01T08:42:30+00:00","author":"Hacienda del Alamo","twitter_card":"summary_large_image","twitter_misc":{"Escrito por":"Hacienda del Alamo","Tiempo de lectura":"1 minuto"},"schema":{"@context":"https:\/\/schema.org","@graph":[{"@type":"Article","@id":"https:\/\/haciendadelalamo.es\/blog\/mensaje-a-todo-el-equipo-de-hacienda-del-alamo-y-especialmente-a-nuestra-wendy-planner\/#article","isPartOf":{"@id":"https:\/\/haciendadelalamo.es\/blog\/mensaje-a-todo-el-equipo-de-hacienda-del-alamo-y-especialmente-a-nuestra-wendy-planner\/"},"author":{"name":"Hacienda del Alamo","@id":"https:\/\/haciendadelalamo.es\/blog\/#\/schema\/person\/9d53a167b95c1fbb6c06a5fd64d263cb"},"headline":"Mensaje a todo el equipo de Hacienda del Alamo y especialmente a nuestra \u00abWendy Planner\u00bb !!","datePublished":"2016-07-25T08:33:59+00:00","dateModified":"2023-12-01T08:42:30+00:00","mainEntityOfPage":{"@id":"https:\/\/haciendadelalamo.es\/blog\/mensaje-a-todo-el-equipo-de-hacienda-del-alamo-y-especialmente-a-nuestra-wendy-planner\/"},"wordCount":193,"commentCount":0,"publisher":{"@id":"https:\/\/haciendadelalamo.es\/blog\/#organization"},"articleSection":["Opiniones de nuestros clientes"],"inLanguage":"es","potentialAction":[{"@type":"CommentAction","name":"Comment","target":["https:\/\/haciendadelalamo.es\/blog\/mensaje-a-todo-el-equipo-de-hacienda-del-alamo-y-especialmente-a-nuestra-wendy-planner\/#respond"]}]},{"@type":"WebPage","@id":"https:\/\/haciendadelalamo.es\/blog\/mensaje-a-todo-el-equipo-de-hacienda-del-alamo-y-especialmente-a-nuestra-wendy-planner\/","url":"https:\/\/haciendadelalamo.es\/blog\/mensaje-a-todo-el-equipo-de-hacienda-del-alamo-y-especialmente-a-nuestra-wendy-planner\/","name":"Mensaje a todo el equipo de Hacienda del Alamo y especialmente a nuestra \"Wendy Planner\" !! | Hacienda del \u00c1lamo","isPartOf":{"@id":"https:\/\/haciendadelalamo.es\/blog\/#website"},"datePublished":"2016-07-25T08:33:59+00:00","dateModified":"2023-12-01T08:42:30+00:00","breadcrumb":{"@id":"https:\/\/haciendadelalamo.es\/blog\/mensaje-a-todo-el-equipo-de-hacienda-del-alamo-y-especialmente-a-nuestra-wendy-planner\/#breadcrumb"},"inLanguage":"es","potentialAction":[{"@type":"ReadAction","target":["https:\/\/haciendadelalamo.es\/blog\/mensaje-a-todo-el-equipo-de-hacienda-del-alamo-y-especialmente-a-nuestra-wendy-planner\/"]}]},{"@type":"BreadcrumbList","@id":"https:\/\/haciendadelalamo.es\/blog\/mensaje-a-todo-el-equipo-de-hacienda-del-alamo-y-especialmente-a-nuestra-wendy-planner\/#breadcrumb","itemListElement":[{"@type":"ListItem","position":1,"name":"Portada","item":"https:\/\/haciendadelalamo.es\/blog\/"},{"@type":"ListItem","position":2,"name":"Mensaje a todo el equipo de Hacienda del Alamo y especialmente a nuestra \u00abWendy Planner\u00bb !!"}]},{"@type":"WebSite","@id":"https:\/\/haciendadelalamo.es\/blog\/#website","url":"https:\/\/haciendadelalamo.es\/blog\/","name":"Hacienda del \u00c1lamo","description":"Blog","publisher":{"@id":"https:\/\/haciendadelalamo.es\/blog\/#organization"},"potentialAction":[{"@type":"SearchAction","target":{"@type":"EntryPoint","urlTemplate":"https:\/\/haciendadelalamo.es\/blog\/?s={search_term_string}"},"query-input":"required name=search_term_string"}],"inLanguage":"es"},{"@type":"Organization","@id":"https:\/\/haciendadelalamo.es\/blog\/#organization","name":"Hacienda del \u00c1lamo","url":"https:\/\/haciendadelalamo.es\/blog\/","logo":{"@type":"ImageObject","inLanguage":"es","@id":"https:\/\/haciendadelalamo.es\/blog\/#\/schema\/logo\/image\/","url":"https:\/\/haciendadelalamo.es\/blog\/wp-content\/uploads\/logo-hacienda-del-alamo.png","contentUrl":"https:\/\/haciendadelalamo.es\/blog\/wp-content\/uploads\/logo-hacienda-del-alamo.png","width":250,"height":163,"caption":"Hacienda del \u00c1lamo"},"image":{"@id":"https:\/\/haciendadelalamo.es\/blog\/#\/schema\/logo\/image\/"}},{"@type":"Person","@id":"https:\/\/haciendadelalamo.es\/blog\/#\/schema\/person\/9d53a167b95c1fbb6c06a5fd64d263cb","name":"Hacienda del Alamo","image":{"@type":"ImageObject","inLanguage":"es","@id":"https:\/\/haciendadelalamo.es\/blog\/#\/schema\/person\/image\/","url":"https:\/\/secure.gravatar.com\/avatar\/4c42b2e3bfe1808a2ffd0058abbbc2b9?s=96&d=mm&r=g","contentUrl":"https:\/\/secure.gravatar.com\/avatar\/4c42b2e3bfe1808a2ffd0058abbbc2b9?s=96&d=mm&r=g","caption":"Hacienda del Alamo"},"sameAs":["http:\/\/www.haciendadelalamo.es"]}]}},"_links":{"self":[{"href":"https:\/\/haciendadelalamo.es\/blog\/wp-json\/wp\/v2\/posts\/1365"}],"collection":[{"href":"https:\/\/haciendadelalamo.es\/blog\/wp-json\/wp\/v2\/posts"}],"about":[{"href":"https:\/\/haciendadelalamo.es\/blog\/wp-json\/wp\/v2\/types\/post"}],"author":[{"embeddable":true,"href":"https:\/\/haciendadelalamo.es\/blog\/wp-json\/wp\/v2\/users\/2"}],"replies":[{"embeddable":true,"href":"https:\/\/haciendadelalamo.es\/blog\/wp-json\/wp\/v2\/comments?post=1365"}],"version-history":[{"count":1,"href":"https:\/\/haciendadelalamo.es\/blog\/wp-json\/wp\/v2\/posts\/1365\/revisions"}],"predecessor-version":[{"id":1366,"href":"https:\/\/haciendadelalamo.es\/blog\/wp-json\/wp\/v2\/posts\/1365\/revisions\/1366"}],"wp:attachment":[{"href":"https:\/\/haciendadelalamo.es\/blog\/wp-json\/wp\/v2\/media?parent=1365"}],"wp:term":[{"taxonomy":"category","embeddable":true,"href":"https:\/\/haciendadelalamo.es\/blog\/wp-json\/wp\/v2\/categories?post=1365"},{"taxonomy":"post_tag","embeddable":true,"href":"https:\/\/haciendadelalamo.es\/blog\/wp-json\/wp\/v2\/tags?post=1365"}],"curies":[{"name":"wp","href":"https:\/\/api.w.org\/{rel}","templated":true}]}}