{"id":1337,"date":"2016-06-29T11:09:01","date_gmt":"2016-06-29T09:09:01","guid":{"rendered":"http:\/\/www.haciendadelalamo.es\/blog\/?p=1337"},"modified":"2024-06-04T15:17:10","modified_gmt":"2024-06-04T13:17:10","slug":"la-pergola-de-la-alberca-un-espacio-multidisciplinar-rodeado-de-naturaleza-viva","status":"publish","type":"post","link":"https:\/\/haciendadelalamo.es\/blog\/la-pergola-de-la-alberca-un-espacio-multidisciplinar-rodeado-de-naturaleza-viva\/","title":{"rendered":"La P\u00e9rgola de la Alberca, un espacio multidisciplinar rodeado de naturaleza viva"},"content":{"rendered":"<p>En Hacienda del \u00c1lamo contamos con espacios muy heterog\u00e9neos: m\u00e1s grandes, m\u00e1s recogidos, exteriores e interiores. Podr\u00edamos decir que, a lo largo de nuestra extensa finca para bodas en M\u00e1laga, encontrar\u00e9is un espacio que ser\u00e1 el vuestro, el que querr\u00e9is para vuestro evento, porque encajar\u00e1 con lo que est\u00e1is buscando. Dentro de esta diversidad que os contamos, todos ellos comparten un denominador com\u00fan: todos son cuidados con el m\u00e1ximo mimo y est\u00e1n dotados de las mejores prestaciones que existen.<\/p>\n<figure id=\"attachment_1346\" aria-describedby=\"caption-attachment-1346\" style=\"width: 700px\" class=\"wp-caption aligncenter\"><a href=\"https:\/\/haciendadelalamo.es\/blog\/wp-content\/uploads\/8-LA-ALBERCA.jpg\"><img decoding=\"async\" loading=\"lazy\" class=\"wp-image-1346 size-full\" src=\"https:\/\/haciendadelalamo.es\/blog\/wp-content\/uploads\/8-LA-ALBERCA.jpg\" alt=\"La P\u00e9rgola de noche\" width=\"700\" height=\"466\" srcset=\"https:\/\/haciendadelalamo.es\/blog\/wp-content\/uploads\/8-LA-ALBERCA.jpg 700w, https:\/\/haciendadelalamo.es\/blog\/wp-content\/uploads\/8-LA-ALBERCA-300x200.jpg 300w\" sizes=\"(max-width: 700px) 100vw, 700px\" \/><\/a><figcaption id=\"caption-attachment-1346\" class=\"wp-caption-text\">La P\u00e9rgola de noche<\/figcaption><\/figure>\n<p>Hoy, en este post, queremos hablaros de un nuevo espacio acristalado que hemos creado para vosotros, vers\u00e1til donde los haya, y que tiene un papel protagonista en los llamados \u201cplan B\u201d: <strong>la P\u00e9rgola de la Alberca<\/strong>. Situada en uno de los pisos m\u00e1s altos de nuestra finca, sus casi 250m2 son testigos de una gran variedad de eventos (bodas m\u00e1s \u00edntimas, reuniones de trabajo, actividades de \u201cteambuilding\u201d, etc.) y permiten montajes de todo tipo: en escuela, en teatro, en c\u00f3ctel, en banquete o cualquier formaci\u00f3n que demande el evento que se celebre en su interior.<\/p>\n<figure id=\"attachment_1349\" aria-describedby=\"caption-attachment-1349\" style=\"width: 700px\" class=\"wp-caption aligncenter\"><a href=\"https:\/\/haciendadelalamo.es\/blog\/wp-content\/uploads\/Carpa-Alberca-Piano-2-Hacienda-del-Alamo.jpg\"><img decoding=\"async\" loading=\"lazy\" class=\"wp-image-1349 size-full\" src=\"https:\/\/haciendadelalamo.es\/blog\/wp-content\/uploads\/Carpa-Alberca-Piano-2-Hacienda-del-Alamo.jpg\" alt=\"Eventos con encanto en La P\u00e9rgola de la Alberca\" width=\"700\" height=\"466\" srcset=\"https:\/\/haciendadelalamo.es\/blog\/wp-content\/uploads\/Carpa-Alberca-Piano-2-Hacienda-del-Alamo.jpg 700w, https:\/\/haciendadelalamo.es\/blog\/wp-content\/uploads\/Carpa-Alberca-Piano-2-Hacienda-del-Alamo-300x200.jpg 300w\" sizes=\"(max-width: 700px) 100vw, 700px\" \/><\/a><figcaption id=\"caption-attachment-1349\" class=\"wp-caption-text\">Eventos con encanto en La P\u00e9rgola de la Alberca<\/figcaption><\/figure>\n<p>Como mencion\u00e1bamos anteriormente, es uno de los espacios favoritos para el \u201cplan B\u201d. Hacienda del \u00c1lamo dispone de esta alternativa, adem\u00e1s de la <a href=\"https:\/\/haciendadelalamo.es\/blog\/la-pergola-de-cristal-un-salon-acristalado-de-mas-de-460-m2\/\" target=\"_blank\" rel=\"noopener\">P\u00e9rgola de Cristal<\/a>,\u00a0para \u201cmigrar\u201d el evento a estos espacios cerrados y acristalados en el caso de que surjan imprevistos por cuestiones meteorol\u00f3gicas. Importante mencionar que esto ser\u00eda sin coste adicional ya que es un elemento fijo de la finca y que evita el costoso desembolso de tener que alquilar una carpa y seguir cuidando de una est\u00e9tica acorde al entorno.<\/p>\n<figure id=\"attachment_1344\" aria-describedby=\"caption-attachment-1344\" style=\"width: 900px\" class=\"wp-caption aligncenter\"><a href=\"https:\/\/haciendadelalamo.es\/blog\/wp-content\/uploads\/EPHOTO-27.jpg\"><img decoding=\"async\" loading=\"lazy\" class=\"wp-image-1344 size-full\" src=\"https:\/\/haciendadelalamo.es\/blog\/wp-content\/uploads\/EPHOTO-27.jpg\" alt=\"La P\u00e9rgola de d\u00eda\" width=\"900\" height=\"599\" srcset=\"https:\/\/haciendadelalamo.es\/blog\/wp-content\/uploads\/EPHOTO-27.jpg 900w, https:\/\/haciendadelalamo.es\/blog\/wp-content\/uploads\/EPHOTO-27-300x200.jpg 300w\" sizes=\"(max-width: 900px) 100vw, 900px\" \/><\/a><figcaption id=\"caption-attachment-1344\" class=\"wp-caption-text\">La P\u00e9rgola de d\u00eda<\/figcaption><\/figure>\n<p>Est\u00e1 rodeada de vegetaci\u00f3n por los cuatro costados, a sus espaldas se ubica nuestro huerto ecol\u00f3gico y se encuentra junto al Acueducto de San Telmo. El agua, como ya sab\u00e9is, es un elemento presente en todos los rincones de nuestra finca para eventos en M\u00e1laga. A su entrada, una fuente le da la bienvenida a los invitados.<\/p>\n<p>De d\u00eda, el sol se cuela de lleno y la convierte en un espacio muy luminoso.\u00a0De noche, sus l\u00e1mparas de techo crean una atm\u00f3sfera c\u00e1lida y acogedora que convierte en m\u00e1gico cualquier evento que celebr\u00e9is aqu\u00ed.<\/p>\n<figure id=\"attachment_1342\" aria-describedby=\"caption-attachment-1342\" style=\"width: 1024px\" class=\"wp-caption aligncenter\"><a href=\"https:\/\/haciendadelalamo.es\/blog\/wp-content\/uploads\/7-LA-ALBERCA.jpg\"><img decoding=\"async\" loading=\"lazy\" class=\"wp-image-1342 size-large\" src=\"https:\/\/haciendadelalamo.es\/blog\/wp-content\/uploads\/7-LA-ALBERCA-1024x680.jpg\" alt=\"Boda en La P\u00e9rgola de la Alberca\" width=\"1024\" height=\"680\" srcset=\"https:\/\/haciendadelalamo.es\/blog\/wp-content\/uploads\/7-LA-ALBERCA.jpg 1024w, https:\/\/haciendadelalamo.es\/blog\/wp-content\/uploads\/7-LA-ALBERCA-300x199.jpg 300w\" sizes=\"(max-width: 1024px) 100vw, 1024px\" \/><\/a><figcaption id=\"caption-attachment-1342\" class=\"wp-caption-text\">Boda en La P\u00e9rgola de la Alberca<\/figcaption><\/figure>\n<p>Recientemente, hemos mejorado la est\u00e9tica y prestaciones de la P\u00e9rgola de la Alberca. Se ha instalado en ella un nuevo acristalamiento para cerrarla herm\u00e9ticamente con cristales, mejorando as\u00ed sus posibilidades sin perder la amplitud del espacio.<\/p>\n<p>El trabajo ha sido realizado por la empresa <a href=\"https:\/\/lumon.com\/es\" rel=\"nofollow\">Lumon<\/a>, de la que hemos obtenido un resultado excelente.<\/p>\n<p>Tambi\u00e9n nos gustar\u00eda mencionar en este post a otras dos empresas malague\u00f1as que han contribuido a que la P\u00e9rgola de la Alberca sea un espacio bien climatizado, gracias a <a href=\"https:\/\/www.clisersur.es\/\" target=\"_blank\" rel=\"nofollow noopener\">Clisersur<\/a>, y bien se\u00f1alizado gracias a la decoraci\u00f3n en vinilo realizada por <a href=\"https:\/\/www.arsimpresores.es\/\" target=\"_blank\" rel=\"nofollow noopener\">ARS Impresores<\/a>. Y es que en Hacienda del \u00c1lamo nos gusta apostar para todo lo que necesitamos con empresas de calidad y l\u00edderes en su sector ubicadas en la provincia de M\u00e1laga para apoyar la econom\u00eda local.<\/p>\n<figure id=\"attachment_1340\" aria-describedby=\"caption-attachment-1340\" style=\"width: 1024px\" class=\"wp-caption aligncenter\"><a href=\"https:\/\/haciendadelalamo.es\/blog\/wp-content\/uploads\/IMG_0916.jpg\"><img decoding=\"async\" loading=\"lazy\" class=\"wp-image-1340 size-large\" src=\"https:\/\/haciendadelalamo.es\/blog\/wp-content\/uploads\/IMG_0916-1024x768.jpg\" alt=\"Nuevo acristamiento\" width=\"1024\" height=\"768\" srcset=\"https:\/\/haciendadelalamo.es\/blog\/wp-content\/uploads\/IMG_0916-1024x768.jpg 1024w, https:\/\/haciendadelalamo.es\/blog\/wp-content\/uploads\/IMG_0916-300x225.jpg 300w\" sizes=\"(max-width: 1024px) 100vw, 1024px\" \/><\/a><figcaption id=\"caption-attachment-1340\" class=\"wp-caption-text\">Nuevo acristamiento<\/figcaption><\/figure>\n<p>Como pod\u00e9is ver, en Hacienda del \u00c1lamo estamos siempre en constante mejora para ofrecer una finca en M\u00e1laga llena de posibilidades y novedades en cada temporada. \u00a1Os esperamos!<\/p>\n","protected":false},"excerpt":{"rendered":"<p>En Hacienda del \u00c1lamo contamos con espacios muy heterog\u00e9neos: m\u00e1s grandes, m\u00e1s recogidos, exteriores e interiores. Podr\u00edamos decir que, a lo largo de nuestra extensa finca para bodas en M\u00e1laga, encontrar\u00e9is un espacio que ser\u00e1 el vuestro, el que querr\u00e9is para vuestro evento, porque encajar\u00e1 con lo que est\u00e1is buscando. Dentro de esta diversidad que [&hellip;]<\/p>\n","protected":false},"author":2,"featured_media":1346,"comment_status":"open","ping_status":"closed","sticky":false,"template":"","format":"standard","meta":{"footnotes":""},"categories":[1],"tags":[24,27,30,29,12,37,45,36,41],"yoast_head":"<!-- This site is optimized with the Yoast SEO plugin v21.6 - https:\/\/yoast.com\/wordpress\/plugins\/seo\/ -->\n<title>La P\u00e9rgola de la Alberca, un espacio multidisciplinar rodeado de naturaleza viva | Hacienda del \u00c1lamo<\/title>\n<meta name=\"robots\" content=\"index, follow, max-snippet:-1, max-image-preview:large, max-video-preview:-1\" \/>\n<link rel=\"canonical\" href=\"https:\/\/haciendadelalamo.es\/blog\/la-pergola-de-la-alberca-un-espacio-multidisciplinar-rodeado-de-naturaleza-viva\/\" \/>\n<meta property=\"og:locale\" content=\"es_ES\" \/>\n<meta property=\"og:type\" content=\"article\" \/>\n<meta property=\"og:title\" content=\"La P\u00e9rgola de la Alberca, un espacio multidisciplinar rodeado de naturaleza viva | Hacienda del \u00c1lamo\" \/>\n<meta property=\"og:description\" content=\"En Hacienda del \u00c1lamo contamos con espacios muy heterog\u00e9neos: m\u00e1s grandes, m\u00e1s recogidos, exteriores e interiores. Podr\u00edamos decir que, a lo largo de nuestra extensa finca para bodas en M\u00e1laga, encontrar\u00e9is un espacio que ser\u00e1 el vuestro, el que querr\u00e9is para vuestro evento, porque encajar\u00e1 con lo que est\u00e1is buscando. Dentro de esta diversidad que [&hellip;]\" \/>\n<meta property=\"og:url\" content=\"https:\/\/haciendadelalamo.es\/blog\/la-pergola-de-la-alberca-un-espacio-multidisciplinar-rodeado-de-naturaleza-viva\/\" \/>\n<meta property=\"og:site_name\" content=\"Hacienda del \u00c1lamo\" \/>\n<meta property=\"article:published_time\" content=\"2016-06-29T09:09:01+00:00\" \/>\n<meta property=\"article:modified_time\" content=\"2024-06-04T13:17:10+00:00\" \/>\n<meta property=\"og:image\" content=\"https:\/\/haciendadelalamo.es\/blog\/wp-content\/uploads\/8-LA-ALBERCA.jpg\" \/>\n\t<meta property=\"og:image:width\" content=\"700\" \/>\n\t<meta property=\"og:image:height\" content=\"466\" \/>\n\t<meta property=\"og:image:type\" content=\"image\/jpeg\" \/>\n<meta name=\"author\" content=\"Hacienda del Alamo\" \/>\n<meta name=\"twitter:card\" content=\"summary_large_image\" \/>\n<meta name=\"twitter:label1\" content=\"Escrito por\" \/>\n\t<meta name=\"twitter:data1\" content=\"Hacienda del Alamo\" \/>\n\t<meta name=\"twitter:label2\" content=\"Tiempo de lectura\" \/>\n\t<meta name=\"twitter:data2\" content=\"4 minutos\" \/>\n<script type=\"application\/ld+json\" class=\"yoast-schema-graph\">{\"@context\":\"https:\/\/schema.org\",\"@graph\":[{\"@type\":\"Article\",\"@id\":\"https:\/\/haciendadelalamo.es\/blog\/la-pergola-de-la-alberca-un-espacio-multidisciplinar-rodeado-de-naturaleza-viva\/#article\",\"isPartOf\":{\"@id\":\"https:\/\/haciendadelalamo.es\/blog\/la-pergola-de-la-alberca-un-espacio-multidisciplinar-rodeado-de-naturaleza-viva\/\"},\"author\":{\"name\":\"Hacienda del Alamo\",\"@id\":\"https:\/\/haciendadelalamo.es\/blog\/#\/schema\/person\/9d53a167b95c1fbb6c06a5fd64d263cb\"},\"headline\":\"La P\u00e9rgola de la Alberca, un espacio multidisciplinar rodeado de naturaleza viva\",\"datePublished\":\"2016-06-29T09:09:01+00:00\",\"dateModified\":\"2024-06-04T13:17:10+00:00\",\"mainEntityOfPage\":{\"@id\":\"https:\/\/haciendadelalamo.es\/blog\/la-pergola-de-la-alberca-un-espacio-multidisciplinar-rodeado-de-naturaleza-viva\/\"},\"wordCount\":637,\"commentCount\":0,\"publisher\":{\"@id\":\"https:\/\/haciendadelalamo.es\/blog\/#organization\"},\"keywords\":[\"bodas\",\"bodas con encanto\",\"bodas en malaga\",\"bodas malaga\",\"eventos\",\"eventos malaga\",\"finca malaga\",\"finca para bodas malaga\",\"finca para eventos\"],\"articleSection\":[\"Nuestras instalaciones\"],\"inLanguage\":\"es\",\"potentialAction\":[{\"@type\":\"CommentAction\",\"name\":\"Comment\",\"target\":[\"https:\/\/haciendadelalamo.es\/blog\/la-pergola-de-la-alberca-un-espacio-multidisciplinar-rodeado-de-naturaleza-viva\/#respond\"]}]},{\"@type\":\"WebPage\",\"@id\":\"https:\/\/haciendadelalamo.es\/blog\/la-pergola-de-la-alberca-un-espacio-multidisciplinar-rodeado-de-naturaleza-viva\/\",\"url\":\"https:\/\/haciendadelalamo.es\/blog\/la-pergola-de-la-alberca-un-espacio-multidisciplinar-rodeado-de-naturaleza-viva\/\",\"name\":\"La P\u00e9rgola de la Alberca, un espacio multidisciplinar rodeado de naturaleza viva | Hacienda del \u00c1lamo\",\"isPartOf\":{\"@id\":\"https:\/\/haciendadelalamo.es\/blog\/#website\"},\"datePublished\":\"2016-06-29T09:09:01+00:00\",\"dateModified\":\"2024-06-04T13:17:10+00:00\",\"breadcrumb\":{\"@id\":\"https:\/\/haciendadelalamo.es\/blog\/la-pergola-de-la-alberca-un-espacio-multidisciplinar-rodeado-de-naturaleza-viva\/#breadcrumb\"},\"inLanguage\":\"es\",\"potentialAction\":[{\"@type\":\"ReadAction\",\"target\":[\"https:\/\/haciendadelalamo.es\/blog\/la-pergola-de-la-alberca-un-espacio-multidisciplinar-rodeado-de-naturaleza-viva\/\"]}]},{\"@type\":\"BreadcrumbList\",\"@id\":\"https:\/\/haciendadelalamo.es\/blog\/la-pergola-de-la-alberca-un-espacio-multidisciplinar-rodeado-de-naturaleza-viva\/#breadcrumb\",\"itemListElement\":[{\"@type\":\"ListItem\",\"position\":1,\"name\":\"Portada\",\"item\":\"https:\/\/haciendadelalamo.es\/blog\/\"},{\"@type\":\"ListItem\",\"position\":2,\"name\":\"La P\u00e9rgola de la Alberca, un espacio multidisciplinar rodeado de naturaleza viva\"}]},{\"@type\":\"WebSite\",\"@id\":\"https:\/\/haciendadelalamo.es\/blog\/#website\",\"url\":\"https:\/\/haciendadelalamo.es\/blog\/\",\"name\":\"Hacienda del \u00c1lamo\",\"description\":\"Blog\",\"publisher\":{\"@id\":\"https:\/\/haciendadelalamo.es\/blog\/#organization\"},\"potentialAction\":[{\"@type\":\"SearchAction\",\"target\":{\"@type\":\"EntryPoint\",\"urlTemplate\":\"https:\/\/haciendadelalamo.es\/blog\/?s={search_term_string}\"},\"query-input\":\"required name=search_term_string\"}],\"inLanguage\":\"es\"},{\"@type\":\"Organization\",\"@id\":\"https:\/\/haciendadelalamo.es\/blog\/#organization\",\"name\":\"Hacienda del \u00c1lamo\",\"url\":\"https:\/\/haciendadelalamo.es\/blog\/\",\"logo\":{\"@type\":\"ImageObject\",\"inLanguage\":\"es\",\"@id\":\"https:\/\/haciendadelalamo.es\/blog\/#\/schema\/logo\/image\/\",\"url\":\"https:\/\/haciendadelalamo.es\/blog\/wp-content\/uploads\/logo-hacienda-del-alamo.png\",\"contentUrl\":\"https:\/\/haciendadelalamo.es\/blog\/wp-content\/uploads\/logo-hacienda-del-alamo.png\",\"width\":250,\"height\":163,\"caption\":\"Hacienda del \u00c1lamo\"},\"image\":{\"@id\":\"https:\/\/haciendadelalamo.es\/blog\/#\/schema\/logo\/image\/\"}},{\"@type\":\"Person\",\"@id\":\"https:\/\/haciendadelalamo.es\/blog\/#\/schema\/person\/9d53a167b95c1fbb6c06a5fd64d263cb\",\"name\":\"Hacienda del Alamo\",\"image\":{\"@type\":\"ImageObject\",\"inLanguage\":\"es\",\"@id\":\"https:\/\/haciendadelalamo.es\/blog\/#\/schema\/person\/image\/\",\"url\":\"https:\/\/secure.gravatar.com\/avatar\/4c42b2e3bfe1808a2ffd0058abbbc2b9?s=96&d=mm&r=g\",\"contentUrl\":\"https:\/\/secure.gravatar.com\/avatar\/4c42b2e3bfe1808a2ffd0058abbbc2b9?s=96&d=mm&r=g\",\"caption\":\"Hacienda del Alamo\"},\"sameAs\":[\"http:\/\/www.haciendadelalamo.es\"]}]}<\/script>\n<!-- \/ Yoast SEO plugin. -->","yoast_head_json":{"title":"La P\u00e9rgola de la Alberca, un espacio multidisciplinar rodeado de naturaleza viva | Hacienda del \u00c1lamo","robots":{"index":"index","follow":"follow","max-snippet":"max-snippet:-1","max-image-preview":"max-image-preview:large","max-video-preview":"max-video-preview:-1"},"canonical":"https:\/\/haciendadelalamo.es\/blog\/la-pergola-de-la-alberca-un-espacio-multidisciplinar-rodeado-de-naturaleza-viva\/","og_locale":"es_ES","og_type":"article","og_title":"La P\u00e9rgola de la Alberca, un espacio multidisciplinar rodeado de naturaleza viva | Hacienda del \u00c1lamo","og_description":"En Hacienda del \u00c1lamo contamos con espacios muy heterog\u00e9neos: m\u00e1s grandes, m\u00e1s recogidos, exteriores e interiores. Podr\u00edamos decir que, a lo largo de nuestra extensa finca para bodas en M\u00e1laga, encontrar\u00e9is un espacio que ser\u00e1 el vuestro, el que querr\u00e9is para vuestro evento, porque encajar\u00e1 con lo que est\u00e1is buscando. Dentro de esta diversidad que [&hellip;]","og_url":"https:\/\/haciendadelalamo.es\/blog\/la-pergola-de-la-alberca-un-espacio-multidisciplinar-rodeado-de-naturaleza-viva\/","og_site_name":"Hacienda del \u00c1lamo","article_published_time":"2016-06-29T09:09:01+00:00","article_modified_time":"2024-06-04T13:17:10+00:00","og_image":[{"width":700,"height":466,"url":"https:\/\/haciendadelalamo.es\/blog\/wp-content\/uploads\/8-LA-ALBERCA.jpg","type":"image\/jpeg"}],"author":"Hacienda del Alamo","twitter_card":"summary_large_image","twitter_misc":{"Escrito por":"Hacienda del Alamo","Tiempo de lectura":"4 minutos"},"schema":{"@context":"https:\/\/schema.org","@graph":[{"@type":"Article","@id":"https:\/\/haciendadelalamo.es\/blog\/la-pergola-de-la-alberca-un-espacio-multidisciplinar-rodeado-de-naturaleza-viva\/#article","isPartOf":{"@id":"https:\/\/haciendadelalamo.es\/blog\/la-pergola-de-la-alberca-un-espacio-multidisciplinar-rodeado-de-naturaleza-viva\/"},"author":{"name":"Hacienda del Alamo","@id":"https:\/\/haciendadelalamo.es\/blog\/#\/schema\/person\/9d53a167b95c1fbb6c06a5fd64d263cb"},"headline":"La P\u00e9rgola de la Alberca, un espacio multidisciplinar rodeado de naturaleza viva","datePublished":"2016-06-29T09:09:01+00:00","dateModified":"2024-06-04T13:17:10+00:00","mainEntityOfPage":{"@id":"https:\/\/haciendadelalamo.es\/blog\/la-pergola-de-la-alberca-un-espacio-multidisciplinar-rodeado-de-naturaleza-viva\/"},"wordCount":637,"commentCount":0,"publisher":{"@id":"https:\/\/haciendadelalamo.es\/blog\/#organization"},"keywords":["bodas","bodas con encanto","bodas en malaga","bodas malaga","eventos","eventos malaga","finca malaga","finca para bodas malaga","finca para eventos"],"articleSection":["Nuestras instalaciones"],"inLanguage":"es","potentialAction":[{"@type":"CommentAction","name":"Comment","target":["https:\/\/haciendadelalamo.es\/blog\/la-pergola-de-la-alberca-un-espacio-multidisciplinar-rodeado-de-naturaleza-viva\/#respond"]}]},{"@type":"WebPage","@id":"https:\/\/haciendadelalamo.es\/blog\/la-pergola-de-la-alberca-un-espacio-multidisciplinar-rodeado-de-naturaleza-viva\/","url":"https:\/\/haciendadelalamo.es\/blog\/la-pergola-de-la-alberca-un-espacio-multidisciplinar-rodeado-de-naturaleza-viva\/","name":"La P\u00e9rgola de la Alberca, un espacio multidisciplinar rodeado de naturaleza viva | Hacienda del \u00c1lamo","isPartOf":{"@id":"https:\/\/haciendadelalamo.es\/blog\/#website"},"datePublished":"2016-06-29T09:09:01+00:00","dateModified":"2024-06-04T13:17:10+00:00","breadcrumb":{"@id":"https:\/\/haciendadelalamo.es\/blog\/la-pergola-de-la-alberca-un-espacio-multidisciplinar-rodeado-de-naturaleza-viva\/#breadcrumb"},"inLanguage":"es","potentialAction":[{"@type":"ReadAction","target":["https:\/\/haciendadelalamo.es\/blog\/la-pergola-de-la-alberca-un-espacio-multidisciplinar-rodeado-de-naturaleza-viva\/"]}]},{"@type":"BreadcrumbList","@id":"https:\/\/haciendadelalamo.es\/blog\/la-pergola-de-la-alberca-un-espacio-multidisciplinar-rodeado-de-naturaleza-viva\/#breadcrumb","itemListElement":[{"@type":"ListItem","position":1,"name":"Portada","item":"https:\/\/haciendadelalamo.es\/blog\/"},{"@type":"ListItem","position":2,"name":"La P\u00e9rgola de la Alberca, un espacio multidisciplinar rodeado de naturaleza viva"}]},{"@type":"WebSite","@id":"https:\/\/haciendadelalamo.es\/blog\/#website","url":"https:\/\/haciendadelalamo.es\/blog\/","name":"Hacienda del \u00c1lamo","description":"Blog","publisher":{"@id":"https:\/\/haciendadelalamo.es\/blog\/#organization"},"potentialAction":[{"@type":"SearchAction","target":{"@type":"EntryPoint","urlTemplate":"https:\/\/haciendadelalamo.es\/blog\/?s={search_term_string}"},"query-input":"required name=search_term_string"}],"inLanguage":"es"},{"@type":"Organization","@id":"https:\/\/haciendadelalamo.es\/blog\/#organization","name":"Hacienda del \u00c1lamo","url":"https:\/\/haciendadelalamo.es\/blog\/","logo":{"@type":"ImageObject","inLanguage":"es","@id":"https:\/\/haciendadelalamo.es\/blog\/#\/schema\/logo\/image\/","url":"https:\/\/haciendadelalamo.es\/blog\/wp-content\/uploads\/logo-hacienda-del-alamo.png","contentUrl":"https:\/\/haciendadelalamo.es\/blog\/wp-content\/uploads\/logo-hacienda-del-alamo.png","width":250,"height":163,"caption":"Hacienda del \u00c1lamo"},"image":{"@id":"https:\/\/haciendadelalamo.es\/blog\/#\/schema\/logo\/image\/"}},{"@type":"Person","@id":"https:\/\/haciendadelalamo.es\/blog\/#\/schema\/person\/9d53a167b95c1fbb6c06a5fd64d263cb","name":"Hacienda del Alamo","image":{"@type":"ImageObject","inLanguage":"es","@id":"https:\/\/haciendadelalamo.es\/blog\/#\/schema\/person\/image\/","url":"https:\/\/secure.gravatar.com\/avatar\/4c42b2e3bfe1808a2ffd0058abbbc2b9?s=96&d=mm&r=g","contentUrl":"https:\/\/secure.gravatar.com\/avatar\/4c42b2e3bfe1808a2ffd0058abbbc2b9?s=96&d=mm&r=g","caption":"Hacienda del Alamo"},"sameAs":["http:\/\/www.haciendadelalamo.es"]}]}},"_links":{"self":[{"href":"https:\/\/haciendadelalamo.es\/blog\/wp-json\/wp\/v2\/posts\/1337"}],"collection":[{"href":"https:\/\/haciendadelalamo.es\/blog\/wp-json\/wp\/v2\/posts"}],"about":[{"href":"https:\/\/haciendadelalamo.es\/blog\/wp-json\/wp\/v2\/types\/post"}],"author":[{"embeddable":true,"href":"https:\/\/haciendadelalamo.es\/blog\/wp-json\/wp\/v2\/users\/2"}],"replies":[{"embeddable":true,"href":"https:\/\/haciendadelalamo.es\/blog\/wp-json\/wp\/v2\/comments?post=1337"}],"version-history":[{"count":14,"href":"https:\/\/haciendadelalamo.es\/blog\/wp-json\/wp\/v2\/posts\/1337\/revisions"}],"predecessor-version":[{"id":2439,"href":"https:\/\/haciendadelalamo.es\/blog\/wp-json\/wp\/v2\/posts\/1337\/revisions\/2439"}],"wp:featuredmedia":[{"embeddable":true,"href":"https:\/\/haciendadelalamo.es\/blog\/wp-json\/wp\/v2\/media\/1346"}],"wp:attachment":[{"href":"https:\/\/haciendadelalamo.es\/blog\/wp-json\/wp\/v2\/media?parent=1337"}],"wp:term":[{"taxonomy":"category","embeddable":true,"href":"https:\/\/haciendadelalamo.es\/blog\/wp-json\/wp\/v2\/categories?post=1337"},{"taxonomy":"post_tag","embeddable":true,"href":"https:\/\/haciendadelalamo.es\/blog\/wp-json\/wp\/v2\/tags?post=1337"}],"curies":[{"name":"wp","href":"https:\/\/api.w.org\/{rel}","templated":true}]}}