{"id":1281,"date":"2016-03-29T11:38:56","date_gmt":"2016-03-29T09:38:56","guid":{"rendered":"http:\/\/www.haciendadelalamo.es\/blog\/?p=1281"},"modified":"2023-12-01T10:43:09","modified_gmt":"2023-12-01T08:43:09","slug":"cuando-la-magia-se-hace-realidad","status":"publish","type":"post","link":"https:\/\/haciendadelalamo.es\/blog\/cuando-la-magia-se-hace-realidad\/","title":{"rendered":"Cuando la magia se hace realidad&#8230;."},"content":{"rendered":"<p>&#8212;&#8212;&#8212;- Mensaje reenviado &#8212;&#8212;&#8212;-<\/p>\n<p>De: <strong>Ra\u00fal<\/strong><\/p>\n<p>Fecha: 23 de febrero de 2016, 11:39 Asunto:<\/p>\n<p>Agradecimientos de Patricia y Ra\u00fal.<\/p>\n<p>Para: Eva Boda &lt;info@haciendadelalamo.es&gt;<br \/>\nHola Eva.<\/p>\n<p>Como quer\u00edamos agradeceros a todos, empezando por ti y todo tu equipo, pasando por las personas que nos recomendaste as\u00ed como a nuestro modisto, fot\u00f3grafo y en general a todo el mundo que de alguna u otra forma particip\u00f3 en la celebraci\u00f3n de nuestra boda, hemos redactado una carta de agradecimiento en la que os nombramos a todos y que adjunta a este correo os enviamos.<\/p>\n<p>Nunca te olvidaremos y siempre recordaremos con gran cari\u00f1o el magn\u00edfico d\u00eda que entre todos nos hicisteis pasar. No s\u00f3lo fuisteis las personas que contratamos para organizar nuestra boda, sino que erais unos amigos m\u00e1s compartiendo nuestra alegr\u00eda.<\/p>\n<p>Recibid todos un grand\u00edsimo abrazo,<\/p>\n<p>Patricia y Ra\u00fal.<\/p>\n<h2><u><span style=\"color: #2e74b5; font-family: Calibri Light; font-size: large;\">\u00c9rase una vez, en un lugar muy muy lejano, llamado Hacienda del \u00c1lamo.<\/span><\/u><\/h2>\n<p><span style=\"color: #000000; font-family: Calibri;\">\u00a0<\/span><span style=\"color: #000000; font-family: Calibri;\">Desde el momento en que decidimos casarnos tuvimos clar\u00edsimo que nuestra boda ten\u00eda que ser como vivir un cuento de hadas. Patricia ser\u00eda Blancanieves y Ra\u00fal su Pr\u00edncipe Azul. Eso era lo \u00fanico que ten\u00edamos claro, as\u00ed que, una vez decidido nos pusimos manos a la obra. <\/span><\/p>\n<p><span style=\"color: #000000; font-family: Calibri;\">Al principio todo fue una locura\u2026 \u00a1no sab\u00edamos por d\u00f3nde empezar! Miramos infinidad de sitios para tratar de encontrar el lugar id\u00f3neo en el que hacer nuestro sue\u00f1o realidad, pero ninguno de ellos nos parec\u00eda el adecuado \u00a1quer\u00edamos que fuera perfecto! Un d\u00eda, ya al borde de la desesperaci\u00f3n (el tiempo se nos echaba encima) dimos con la Hacienda del \u00c1lamo, as\u00ed que llamamos y concertamos una cita. Hasta que por fin nos conocimos, en nuestra cabeza rondaban muchas dudas: \u00bfser\u00eda tan bonito como nos lo pareci\u00f3 en fotos? \u00bfse prestar\u00e1n a hacer una boda tan, c\u00f3mo decirlo, fuera de lo normal?<\/span><\/p>\n<p><span style=\"color: #000000; font-family: Calibri;\">Desde que pusimos un pie en la Hacienda nos enamoramos del lugar. Parec\u00eda un sitio m\u00e1gico, perfecto para nuestro cuento de hadas. Enseguida vimos a Eva, que nos esperaba en la puerta principal de la casa. Nos recibi\u00f3 con los brazos abiertos y despu\u00e9s de haber hablado con ella tan s\u00f3lo unos minutos supimos que ten\u00eda que ser nuestra organizadora de la boda. Nos conquist\u00f3 con su gran simpat\u00eda, amabilidad y espontaneidad, adem\u00e1s del aire de gran profesional que derrochaba por los cuatro costados. Pero \u00bfqu\u00e9 pensar\u00e1 cuando le digamos que nuestra boda va a ser tem\u00e1tica?, pens\u00e1bamos mientras ella nos ense\u00f1aba lo maravillosos que son los jardines de la hacienda. Segu\u00edan los nervios&#8230; Cuando ya lo vimos todo, supimos que no habr\u00eda otro lugar que fuera tan perfecto para nosotros.<\/span><\/p>\n<p><span style=\"color: #000000; font-family: Calibri;\">Una vez que terminamos el tour por la finca pasamos a uno de los preciosos salones del interior de la casa para hablar de los detalles. Ah\u00ed fue cuando se lo soltamos: Eva, el sitio nos parece precioso y queremos celebrar aqu\u00ed nuestra boda, pero tenemos que decirte una cosa: nuestra boda va a ser tem\u00e1tica y queremos que sea el cuento de Blancanieves. Ya est\u00e1, \u00a1soltamos la bomba! No podemos describir con palabras la transformaci\u00f3n que sufri\u00f3 la cara de Eva en ese momento. Parec\u00eda que iba a explotar de felicidad, porque seg\u00fan nos dijo ella posteriormente, le encantan todos los cuentos de Disney. En el mism\u00edsimo momento en que se lo dijimos nos respondi\u00f3, gritando de alegr\u00eda, que le encantaba la idea y tambi\u00e9n en ese mismo momento supimos que nuestra b\u00fasqueda hab\u00eda llegado a su fin.<\/span><\/p>\n<p><span style=\"color: #000000; font-family: Calibri;\">A partir de tomar la decisi\u00f3n de celebrar nuestra boda tem\u00e1tica en la Hacienda del \u00c1lamo y desde que Eva se puso a llevar las riendas del proyecto, todo fue sobre ruedas. Como alguien nos dijo una vez, \u201crod\u00e9ate de los mejores y ser\u00e1s el mejor\u201d. Pues as\u00ed fue\u2026 Nuestra boda no pudo salir mejor. Podemos decir, una vez comprobados los resultados y sin temor a equivocarnos, que el equipo formado por todos los profesionales de Hacienda del \u00c1lamo es el mejor. Tambi\u00e9n tenemos que decir que cuando se trataba de algo que ellos no gestionaban directamente, siempre supieron recomendarnos a grandes profesionales, como fue con el caso de la tarta, la decoraci\u00f3n, el ramo de la novia, etc\u2026<\/span><\/p>\n<p><span style=\"color: #000000; font-family: Calibri;\">Fue una boda m\u00e1gica celebrada en un lugar de cuento. Se cas\u00f3 Blancanieves con su Pr\u00edncipe Azul y todos los seres animados de otros cuentos y los animalillos del bosque estuvieron presentes. Todo el equipo de la Hacienda estuvo magn\u00edfico e insuperable y para ellos van estas palabras de agradecimiento. Desde el director del evento, con Eva \u00bfo tendr\u00eda que decir Anna (Frozen) o Bella durmiente? como su mano derecha, pasando por todos y cada uno de los camareros, que resultaron ser los enanitos de Blancanieves. Menci\u00f3n especial para ellos porque, con Alejandro, tambi\u00e9n conocido como Mudito, al frente, estuvieron fant\u00e1sticos. Desde el primer momento se implicaron con nosotros e hicieron que este cuento fuera suyo tambi\u00e9n. Eso no les impidi\u00f3 hacer alarde de su gran profesionalidad a la hora de realizar su trabajo. Tenemos que decir que no podr\u00eda haber habido otros mejores. El personal de cocina, magn\u00edfico tambi\u00e9n, \u00a1todo estaba riqu\u00edsimo! Alex, nuestro DJ, estuvo impecable, resultando ser un gran profesional y demostrando tener m\u00e1s paciencia que un santo con las peticiones de los invitados. Tambi\u00e9n quer\u00edamos dar las gracias a todo el personal cuya labor fue \u201cinvisible\u201d porque sin ellos tampoco hubiera sido posible. <\/span><\/p>\n<p><span style=\"color: #000000; font-family: Calibri;\">Agradecer tambi\u00e9n a los profesionales que Eva nos recomend\u00f3, como por ejemplo Peggy and co, nuestra decoradora, que no falt\u00f3 a nuestra cita y vino personalmente ella a pesar de haber sufrido un peque\u00f1o accidente el d\u00eda anterior. Ella y su equipo hicieron un grand\u00edsimo trabajo con la decoraci\u00f3n, haciendo que no faltara un solo detalle, transport\u00e1ndonos directamente al cuento que quer\u00edamos vivir. Nuestra \u201cFruistera\u201d Marta Pino, que nos hizo una tarta tan preciosa como deliciosa. A la florister\u00eda la Buganvilla, por saber plasmar en el ramo de la novia toda la esencia de las flores del bosque en el que viv\u00eda Blancanieves.<\/span><\/p>\n<p><span style=\"color: #000000; font-family: Calibri;\">Como Blancanieves ten\u00eda que estar preciosa el d\u00eda de su boda, conseguimos a la persona perfecta para lograrlo. Juan, de HAUS of ZANNY, el modisto que hizo su vestido y la maquill\u00f3. Tambi\u00e9n visti\u00f3 al Pr\u00edncipe Azul y al Hada Madrina. Muchas gracias Juan, por tu excelente trabajo y por ser como eres, una gran persona y a\u00fan mejor profesional.<\/span><\/p>\n<p><span style=\"color: #000000; font-family: Calibri;\">En una boda de cuento no pod\u00eda faltar el mejor fot\u00f3grafo, Fran Russo, quien con sus preciosas fotograf\u00edas ha sabido plasmar completamente la magia que nos rodeaba en todo momento. Un mill\u00f3n de gracias, Fran, por inmortalizar para siempre este gran momento de nuestras vidas.<\/span><\/p>\n<p><span style=\"color: #000000; font-family: Calibri;\">Tambi\u00e9n quer\u00edamos agradecer enormemente a nuestros invitados que se hayan prestado a semejante locura, por su implicaci\u00f3n y participaci\u00f3n, meti\u00e9ndose en todo momento en el papel de sus personajes y haciendo alarde de la simpat\u00eda que los caracteriza.<\/span><\/p>\n<p><span style=\"color: #000000; font-family: Calibri;\">Gracias a todas y cada una de las personas que estuvieron presentes, por uno u otro motivo. Todos formasteis parte de nuestra gran historia y eso no lo olvidaremos nunca.<\/span><\/p>\n<p><span style=\"color: #000000; font-family: Calibri;\">Y color\u00edn colorado, este cuento s\u00f3lo ha empezado.<\/span><\/p>\n<p><span style=\"color: #000000; font-family: Calibri;\">\u00a0<\/span><span style=\"color: #000000; font-family: Calibri;\">Con todo nuestro cari\u00f1o,<\/span><\/p>\n<p><span style=\"color: #000000; font-family: Calibri;\">Patricia y Ra\u00fal.<\/span><\/p>\n<p><a href=\"https:\/\/haciendadelalamo.es\/blog\/wp-content\/uploads\/IMG_9200.jpg\"><img decoding=\"async\" loading=\"lazy\" class=\"alignleft wp-image-1282 size-medium\" src=\"https:\/\/haciendadelalamo.es\/blog\/wp-content\/uploads\/IMG_9200-300x200.jpg\" alt=\"IMG_9200\" width=\"300\" height=\"200\" srcset=\"https:\/\/haciendadelalamo.es\/blog\/wp-content\/uploads\/IMG_9200-300x200.jpg 300w, https:\/\/haciendadelalamo.es\/blog\/wp-content\/uploads\/IMG_9200-1024x684.jpg 1024w, https:\/\/haciendadelalamo.es\/blog\/wp-content\/uploads\/IMG_9200.jpg 2048w\" sizes=\"(max-width: 300px) 100vw, 300px\" \/><\/a> <a href=\"https:\/\/haciendadelalamo.es\/blog\/wp-content\/uploads\/IMG_9201.jpg\"><img decoding=\"async\" loading=\"lazy\" class=\"size-medium wp-image-1283 alignnone\" src=\"https:\/\/haciendadelalamo.es\/blog\/wp-content\/uploads\/IMG_9201-200x300.jpg\" alt=\"IMG_9201\" width=\"200\" height=\"300\" srcset=\"https:\/\/haciendadelalamo.es\/blog\/wp-content\/uploads\/IMG_9201-200x300.jpg 200w, https:\/\/haciendadelalamo.es\/blog\/wp-content\/uploads\/IMG_9201-684x1024.jpg 684w, https:\/\/haciendadelalamo.es\/blog\/wp-content\/uploads\/IMG_9201.jpg 1368w\" sizes=\"(max-width: 200px) 100vw, 200px\" \/><\/a> <a href=\"https:\/\/haciendadelalamo.es\/blog\/wp-content\/uploads\/IMG_9202.jpg\"><img decoding=\"async\" loading=\"lazy\" class=\" wp-image-1284 alignright\" src=\"https:\/\/haciendadelalamo.es\/blog\/wp-content\/uploads\/IMG_9202-300x200.jpg\" alt=\"IMG_9202\" width=\"308\" height=\"205\" srcset=\"https:\/\/haciendadelalamo.es\/blog\/wp-content\/uploads\/IMG_9202-300x200.jpg 300w, https:\/\/haciendadelalamo.es\/blog\/wp-content\/uploads\/IMG_9202-1024x681.jpg 1024w, https:\/\/haciendadelalamo.es\/blog\/wp-content\/uploads\/IMG_9202.jpg 2048w\" sizes=\"(max-width: 308px) 100vw, 308px\" \/><\/a><\/p>\n","protected":false},"excerpt":{"rendered":"<p>&#8212;&#8212;&#8212;- Mensaje reenviado &#8212;&#8212;&#8212;- De: Ra\u00fal Fecha: 23 de febrero de 2016, 11:39 Asunto: Agradecimientos de Patricia y Ra\u00fal. Para: Eva Boda &lt;info@haciendadelalamo.es&gt; Hola Eva. Como quer\u00edamos agradeceros a todos, empezando por ti y todo tu equipo, pasando por las personas que nos recomendaste as\u00ed como a nuestro modisto, fot\u00f3grafo y en general a todo [&hellip;]<\/p>\n","protected":false},"author":2,"featured_media":0,"comment_status":"open","ping_status":"closed","sticky":false,"template":"","format":"standard","meta":{"footnotes":""},"categories":[23],"tags":[],"yoast_head":"<!-- This site is optimized with the Yoast SEO plugin v21.6 - https:\/\/yoast.com\/wordpress\/plugins\/seo\/ -->\n<title>Cuando la magia se hace realidad.... | Hacienda del \u00c1lamo<\/title>\n<meta name=\"robots\" content=\"noindex, nofollow\" \/>\n<meta property=\"og:locale\" content=\"es_ES\" \/>\n<meta property=\"og:type\" content=\"article\" \/>\n<meta property=\"og:title\" content=\"Cuando la magia se hace realidad.... | Hacienda del \u00c1lamo\" \/>\n<meta property=\"og:description\" content=\"&#8212;&#8212;&#8212;- Mensaje reenviado &#8212;&#8212;&#8212;- De: Ra\u00fal Fecha: 23 de febrero de 2016, 11:39 Asunto: Agradecimientos de Patricia y Ra\u00fal. Para: Eva Boda &lt;info@haciendadelalamo.es&gt; Hola Eva. Como quer\u00edamos agradeceros a todos, empezando por ti y todo tu equipo, pasando por las personas que nos recomendaste as\u00ed como a nuestro modisto, fot\u00f3grafo y en general a todo [&hellip;]\" \/>\n<meta property=\"og:url\" content=\"https:\/\/haciendadelalamo.es\/blog\/cuando-la-magia-se-hace-realidad\/\" \/>\n<meta property=\"og:site_name\" content=\"Hacienda del \u00c1lamo\" \/>\n<meta property=\"article:published_time\" content=\"2016-03-29T09:38:56+00:00\" \/>\n<meta property=\"article:modified_time\" content=\"2023-12-01T08:43:09+00:00\" \/>\n<meta property=\"og:image\" content=\"https:\/\/haciendadelalamo.es\/blog\/wp-content\/uploads\/IMG_9200-300x200.jpg\" \/>\n<meta name=\"author\" content=\"Hacienda del Alamo\" \/>\n<meta name=\"twitter:card\" content=\"summary_large_image\" \/>\n<meta name=\"twitter:label1\" content=\"Escrito por\" \/>\n\t<meta name=\"twitter:data1\" content=\"Hacienda del Alamo\" \/>\n\t<meta name=\"twitter:label2\" content=\"Tiempo de lectura\" \/>\n\t<meta name=\"twitter:data2\" content=\"6 minutos\" \/>\n<script type=\"application\/ld+json\" class=\"yoast-schema-graph\">{\"@context\":\"https:\/\/schema.org\",\"@graph\":[{\"@type\":\"Article\",\"@id\":\"https:\/\/haciendadelalamo.es\/blog\/cuando-la-magia-se-hace-realidad\/#article\",\"isPartOf\":{\"@id\":\"https:\/\/haciendadelalamo.es\/blog\/cuando-la-magia-se-hace-realidad\/\"},\"author\":{\"name\":\"Hacienda del Alamo\",\"@id\":\"https:\/\/haciendadelalamo.es\/blog\/#\/schema\/person\/9d53a167b95c1fbb6c06a5fd64d263cb\"},\"headline\":\"Cuando la magia se hace realidad&#8230;.\",\"datePublished\":\"2016-03-29T09:38:56+00:00\",\"dateModified\":\"2023-12-01T08:43:09+00:00\",\"mainEntityOfPage\":{\"@id\":\"https:\/\/haciendadelalamo.es\/blog\/cuando-la-magia-se-hace-realidad\/\"},\"wordCount\":1283,\"commentCount\":0,\"publisher\":{\"@id\":\"https:\/\/haciendadelalamo.es\/blog\/#organization\"},\"articleSection\":[\"Opiniones de nuestros clientes\"],\"inLanguage\":\"es\",\"potentialAction\":[{\"@type\":\"CommentAction\",\"name\":\"Comment\",\"target\":[\"https:\/\/haciendadelalamo.es\/blog\/cuando-la-magia-se-hace-realidad\/#respond\"]}]},{\"@type\":\"WebPage\",\"@id\":\"https:\/\/haciendadelalamo.es\/blog\/cuando-la-magia-se-hace-realidad\/\",\"url\":\"https:\/\/haciendadelalamo.es\/blog\/cuando-la-magia-se-hace-realidad\/\",\"name\":\"Cuando la magia se hace realidad.... | Hacienda del \u00c1lamo\",\"isPartOf\":{\"@id\":\"https:\/\/haciendadelalamo.es\/blog\/#website\"},\"datePublished\":\"2016-03-29T09:38:56+00:00\",\"dateModified\":\"2023-12-01T08:43:09+00:00\",\"breadcrumb\":{\"@id\":\"https:\/\/haciendadelalamo.es\/blog\/cuando-la-magia-se-hace-realidad\/#breadcrumb\"},\"inLanguage\":\"es\",\"potentialAction\":[{\"@type\":\"ReadAction\",\"target\":[\"https:\/\/haciendadelalamo.es\/blog\/cuando-la-magia-se-hace-realidad\/\"]}]},{\"@type\":\"BreadcrumbList\",\"@id\":\"https:\/\/haciendadelalamo.es\/blog\/cuando-la-magia-se-hace-realidad\/#breadcrumb\",\"itemListElement\":[{\"@type\":\"ListItem\",\"position\":1,\"name\":\"Portada\",\"item\":\"https:\/\/haciendadelalamo.es\/blog\/\"},{\"@type\":\"ListItem\",\"position\":2,\"name\":\"Cuando la magia se hace realidad&#8230;.\"}]},{\"@type\":\"WebSite\",\"@id\":\"https:\/\/haciendadelalamo.es\/blog\/#website\",\"url\":\"https:\/\/haciendadelalamo.es\/blog\/\",\"name\":\"Hacienda del \u00c1lamo\",\"description\":\"Blog\",\"publisher\":{\"@id\":\"https:\/\/haciendadelalamo.es\/blog\/#organization\"},\"potentialAction\":[{\"@type\":\"SearchAction\",\"target\":{\"@type\":\"EntryPoint\",\"urlTemplate\":\"https:\/\/haciendadelalamo.es\/blog\/?s={search_term_string}\"},\"query-input\":\"required name=search_term_string\"}],\"inLanguage\":\"es\"},{\"@type\":\"Organization\",\"@id\":\"https:\/\/haciendadelalamo.es\/blog\/#organization\",\"name\":\"Hacienda del \u00c1lamo\",\"url\":\"https:\/\/haciendadelalamo.es\/blog\/\",\"logo\":{\"@type\":\"ImageObject\",\"inLanguage\":\"es\",\"@id\":\"https:\/\/haciendadelalamo.es\/blog\/#\/schema\/logo\/image\/\",\"url\":\"https:\/\/haciendadelalamo.es\/blog\/wp-content\/uploads\/logo-hacienda-del-alamo.png\",\"contentUrl\":\"https:\/\/haciendadelalamo.es\/blog\/wp-content\/uploads\/logo-hacienda-del-alamo.png\",\"width\":250,\"height\":163,\"caption\":\"Hacienda del \u00c1lamo\"},\"image\":{\"@id\":\"https:\/\/haciendadelalamo.es\/blog\/#\/schema\/logo\/image\/\"}},{\"@type\":\"Person\",\"@id\":\"https:\/\/haciendadelalamo.es\/blog\/#\/schema\/person\/9d53a167b95c1fbb6c06a5fd64d263cb\",\"name\":\"Hacienda del Alamo\",\"image\":{\"@type\":\"ImageObject\",\"inLanguage\":\"es\",\"@id\":\"https:\/\/haciendadelalamo.es\/blog\/#\/schema\/person\/image\/\",\"url\":\"https:\/\/secure.gravatar.com\/avatar\/4c42b2e3bfe1808a2ffd0058abbbc2b9?s=96&d=mm&r=g\",\"contentUrl\":\"https:\/\/secure.gravatar.com\/avatar\/4c42b2e3bfe1808a2ffd0058abbbc2b9?s=96&d=mm&r=g\",\"caption\":\"Hacienda del Alamo\"},\"sameAs\":[\"http:\/\/www.haciendadelalamo.es\"]}]}<\/script>\n<!-- \/ Yoast SEO plugin. -->","yoast_head_json":{"title":"Cuando la magia se hace realidad.... | Hacienda del \u00c1lamo","robots":{"index":"noindex","follow":"nofollow"},"og_locale":"es_ES","og_type":"article","og_title":"Cuando la magia se hace realidad.... | Hacienda del \u00c1lamo","og_description":"&#8212;&#8212;&#8212;- Mensaje reenviado &#8212;&#8212;&#8212;- De: Ra\u00fal Fecha: 23 de febrero de 2016, 11:39 Asunto: Agradecimientos de Patricia y Ra\u00fal. Para: Eva Boda &lt;info@haciendadelalamo.es&gt; Hola Eva. Como quer\u00edamos agradeceros a todos, empezando por ti y todo tu equipo, pasando por las personas que nos recomendaste as\u00ed como a nuestro modisto, fot\u00f3grafo y en general a todo [&hellip;]","og_url":"https:\/\/haciendadelalamo.es\/blog\/cuando-la-magia-se-hace-realidad\/","og_site_name":"Hacienda del \u00c1lamo","article_published_time":"2016-03-29T09:38:56+00:00","article_modified_time":"2023-12-01T08:43:09+00:00","og_image":[{"url":"https:\/\/haciendadelalamo.es\/blog\/wp-content\/uploads\/IMG_9200-300x200.jpg"}],"author":"Hacienda del Alamo","twitter_card":"summary_large_image","twitter_misc":{"Escrito por":"Hacienda del Alamo","Tiempo de lectura":"6 minutos"},"schema":{"@context":"https:\/\/schema.org","@graph":[{"@type":"Article","@id":"https:\/\/haciendadelalamo.es\/blog\/cuando-la-magia-se-hace-realidad\/#article","isPartOf":{"@id":"https:\/\/haciendadelalamo.es\/blog\/cuando-la-magia-se-hace-realidad\/"},"author":{"name":"Hacienda del Alamo","@id":"https:\/\/haciendadelalamo.es\/blog\/#\/schema\/person\/9d53a167b95c1fbb6c06a5fd64d263cb"},"headline":"Cuando la magia se hace realidad&#8230;.","datePublished":"2016-03-29T09:38:56+00:00","dateModified":"2023-12-01T08:43:09+00:00","mainEntityOfPage":{"@id":"https:\/\/haciendadelalamo.es\/blog\/cuando-la-magia-se-hace-realidad\/"},"wordCount":1283,"commentCount":0,"publisher":{"@id":"https:\/\/haciendadelalamo.es\/blog\/#organization"},"articleSection":["Opiniones de nuestros clientes"],"inLanguage":"es","potentialAction":[{"@type":"CommentAction","name":"Comment","target":["https:\/\/haciendadelalamo.es\/blog\/cuando-la-magia-se-hace-realidad\/#respond"]}]},{"@type":"WebPage","@id":"https:\/\/haciendadelalamo.es\/blog\/cuando-la-magia-se-hace-realidad\/","url":"https:\/\/haciendadelalamo.es\/blog\/cuando-la-magia-se-hace-realidad\/","name":"Cuando la magia se hace realidad.... | Hacienda del \u00c1lamo","isPartOf":{"@id":"https:\/\/haciendadelalamo.es\/blog\/#website"},"datePublished":"2016-03-29T09:38:56+00:00","dateModified":"2023-12-01T08:43:09+00:00","breadcrumb":{"@id":"https:\/\/haciendadelalamo.es\/blog\/cuando-la-magia-se-hace-realidad\/#breadcrumb"},"inLanguage":"es","potentialAction":[{"@type":"ReadAction","target":["https:\/\/haciendadelalamo.es\/blog\/cuando-la-magia-se-hace-realidad\/"]}]},{"@type":"BreadcrumbList","@id":"https:\/\/haciendadelalamo.es\/blog\/cuando-la-magia-se-hace-realidad\/#breadcrumb","itemListElement":[{"@type":"ListItem","position":1,"name":"Portada","item":"https:\/\/haciendadelalamo.es\/blog\/"},{"@type":"ListItem","position":2,"name":"Cuando la magia se hace realidad&#8230;."}]},{"@type":"WebSite","@id":"https:\/\/haciendadelalamo.es\/blog\/#website","url":"https:\/\/haciendadelalamo.es\/blog\/","name":"Hacienda del \u00c1lamo","description":"Blog","publisher":{"@id":"https:\/\/haciendadelalamo.es\/blog\/#organization"},"potentialAction":[{"@type":"SearchAction","target":{"@type":"EntryPoint","urlTemplate":"https:\/\/haciendadelalamo.es\/blog\/?s={search_term_string}"},"query-input":"required name=search_term_string"}],"inLanguage":"es"},{"@type":"Organization","@id":"https:\/\/haciendadelalamo.es\/blog\/#organization","name":"Hacienda del \u00c1lamo","url":"https:\/\/haciendadelalamo.es\/blog\/","logo":{"@type":"ImageObject","inLanguage":"es","@id":"https:\/\/haciendadelalamo.es\/blog\/#\/schema\/logo\/image\/","url":"https:\/\/haciendadelalamo.es\/blog\/wp-content\/uploads\/logo-hacienda-del-alamo.png","contentUrl":"https:\/\/haciendadelalamo.es\/blog\/wp-content\/uploads\/logo-hacienda-del-alamo.png","width":250,"height":163,"caption":"Hacienda del \u00c1lamo"},"image":{"@id":"https:\/\/haciendadelalamo.es\/blog\/#\/schema\/logo\/image\/"}},{"@type":"Person","@id":"https:\/\/haciendadelalamo.es\/blog\/#\/schema\/person\/9d53a167b95c1fbb6c06a5fd64d263cb","name":"Hacienda del Alamo","image":{"@type":"ImageObject","inLanguage":"es","@id":"https:\/\/haciendadelalamo.es\/blog\/#\/schema\/person\/image\/","url":"https:\/\/secure.gravatar.com\/avatar\/4c42b2e3bfe1808a2ffd0058abbbc2b9?s=96&d=mm&r=g","contentUrl":"https:\/\/secure.gravatar.com\/avatar\/4c42b2e3bfe1808a2ffd0058abbbc2b9?s=96&d=mm&r=g","caption":"Hacienda del Alamo"},"sameAs":["http:\/\/www.haciendadelalamo.es"]}]}},"_links":{"self":[{"href":"https:\/\/haciendadelalamo.es\/blog\/wp-json\/wp\/v2\/posts\/1281"}],"collection":[{"href":"https:\/\/haciendadelalamo.es\/blog\/wp-json\/wp\/v2\/posts"}],"about":[{"href":"https:\/\/haciendadelalamo.es\/blog\/wp-json\/wp\/v2\/types\/post"}],"author":[{"embeddable":true,"href":"https:\/\/haciendadelalamo.es\/blog\/wp-json\/wp\/v2\/users\/2"}],"replies":[{"embeddable":true,"href":"https:\/\/haciendadelalamo.es\/blog\/wp-json\/wp\/v2\/comments?post=1281"}],"version-history":[{"count":3,"href":"https:\/\/haciendadelalamo.es\/blog\/wp-json\/wp\/v2\/posts\/1281\/revisions"}],"predecessor-version":[{"id":2033,"href":"https:\/\/haciendadelalamo.es\/blog\/wp-json\/wp\/v2\/posts\/1281\/revisions\/2033"}],"wp:attachment":[{"href":"https:\/\/haciendadelalamo.es\/blog\/wp-json\/wp\/v2\/media?parent=1281"}],"wp:term":[{"taxonomy":"category","embeddable":true,"href":"https:\/\/haciendadelalamo.es\/blog\/wp-json\/wp\/v2\/categories?post=1281"},{"taxonomy":"post_tag","embeddable":true,"href":"https:\/\/haciendadelalamo.es\/blog\/wp-json\/wp\/v2\/tags?post=1281"}],"curies":[{"name":"wp","href":"https:\/\/api.w.org\/{rel}","templated":true}]}}