{"id":1241,"date":"2015-12-02T19:25:47","date_gmt":"2015-12-02T17:25:47","guid":{"rendered":"http:\/\/www.haciendadelalamo.es\/blog\/?p=1241"},"modified":"2023-12-01T10:44:12","modified_gmt":"2023-12-01T08:44:12","slug":"celebra-una-noche-magica-con-nosotros-primera-cena-de-fin-de-ano-en-hacienda-del-alamo","status":"publish","type":"post","link":"https:\/\/haciendadelalamo.es\/blog\/celebra-una-noche-magica-con-nosotros-primera-cena-de-fin-de-ano-en-hacienda-del-alamo\/","title":{"rendered":"Celebra una noche m\u00e1gica con nosotros&#8230; Primera cena de Fin de A\u00f1o en Hacienda del \u00c1lamo"},"content":{"rendered":"<p style=\"text-align: center;\"><em>Primera Cena de Gala para celebrar fin de A\u00f1o en Hacienda del Alamo, no te pierdas el exquisito men\u00fa que Alabardero Catering ha preparado para esa noche m\u00e1gica.<\/em><\/p>\n<p style=\"text-align: center;\"><em>La calidad y el servicio de&nbsp;Alabardero&nbsp;Catering os sorprender\u00e1, cotill\u00f3n, barra libre y transporte de vuelta incluido!!. *Consultar condiciones<\/em><\/p>\n<p style=\"text-align: center;\"><em>M\u00e1s info en nuestras RR.SS, a trav\u00e9s de&nbsp;<\/em><a href=\"https:\/\/haciendadelalamo.es\/\"><em>www.haciendadelalamo.es<\/em><\/a><em>&nbsp;o a trav\u00e9s del tel\u00e9fono 952 652 653<\/em><\/p>\n<p style=\"text-align: center;\"><a href=\"https:\/\/haciendadelalamo.es\/blog\/wp-content\/uploads\/Fin-de-A\u00f1o-en-Hacienda-del-Alamo-2015.pdf\">Fin de A\u00f1o en Hacienda del Alamo &#8211; 2015<\/a> <a href=\"https:\/\/haciendadelalamo.es\/blog\/wp-content\/uploads\/Navidad-BAJA.pdf\">Navidad BAJA<\/a> <a href=\"https:\/\/haciendadelalamo.es\/blog\/wp-content\/uploads\/Navidad2-BAJA.pdf\">Navidad2 BAJA<\/a><\/p>\n","protected":false},"excerpt":{"rendered":"<p>Primera Cena de Gala para celebrar fin de A\u00f1o en Hacienda del Alamo, no te pierdas el exquisito men\u00fa que Alabardero Catering ha preparado para esa noche m\u00e1gica. La calidad y el servicio de&nbsp;Alabardero&nbsp;Catering os sorprender\u00e1, cotill\u00f3n, barra libre y transporte de vuelta incluido!!. *Consultar condiciones M\u00e1s info en nuestras RR.SS, a trav\u00e9s de&nbsp;www.haciendadelalamo.es&nbsp;o a [&hellip;]<\/p>\n","protected":false},"author":2,"featured_media":0,"comment_status":"open","ping_status":"closed","sticky":false,"template":"","format":"standard","meta":{"footnotes":""},"categories":[17],"tags":[],"yoast_head":"<!-- This site is optimized with the Yoast SEO plugin v21.6 - https:\/\/yoast.com\/wordpress\/plugins\/seo\/ -->\n<title>Celebra una noche m\u00e1gica con nosotros... Primera cena de Fin de A\u00f1o en Hacienda del \u00c1lamo | Hacienda del \u00c1lamo<\/title>\n<meta name=\"robots\" content=\"noindex, nofollow\" \/>\n<meta property=\"og:locale\" content=\"es_ES\" \/>\n<meta property=\"og:type\" content=\"article\" \/>\n<meta property=\"og:title\" content=\"Celebra una noche m\u00e1gica con nosotros... Primera cena de Fin de A\u00f1o en Hacienda del \u00c1lamo | Hacienda del \u00c1lamo\" \/>\n<meta property=\"og:description\" content=\"Primera Cena de Gala para celebrar fin de A\u00f1o en Hacienda del Alamo, no te pierdas el exquisito men\u00fa que Alabardero Catering ha preparado para esa noche m\u00e1gica. La calidad y el servicio de&nbsp;Alabardero&nbsp;Catering os sorprender\u00e1, cotill\u00f3n, barra libre y transporte de vuelta incluido!!. *Consultar condiciones M\u00e1s info en nuestras RR.SS, a trav\u00e9s de&nbsp;www.haciendadelalamo.es&nbsp;o a [&hellip;]\" \/>\n<meta property=\"og:url\" content=\"https:\/\/haciendadelalamo.es\/blog\/celebra-una-noche-magica-con-nosotros-primera-cena-de-fin-de-ano-en-hacienda-del-alamo\/\" \/>\n<meta property=\"og:site_name\" content=\"Hacienda del \u00c1lamo\" \/>\n<meta property=\"article:published_time\" content=\"2015-12-02T17:25:47+00:00\" \/>\n<meta property=\"article:modified_time\" content=\"2023-12-01T08:44:12+00:00\" \/>\n<meta name=\"author\" content=\"Hacienda del Alamo\" \/>\n<meta name=\"twitter:card\" content=\"summary_large_image\" \/>\n<meta name=\"twitter:label1\" content=\"Escrito por\" \/>\n\t<meta name=\"twitter:data1\" content=\"Hacienda del Alamo\" \/>\n\t<meta name=\"twitter:label2\" content=\"Tiempo de lectura\" \/>\n\t<meta name=\"twitter:data2\" content=\"1 minuto\" \/>\n<script type=\"application\/ld+json\" class=\"yoast-schema-graph\">{\"@context\":\"https:\/\/schema.org\",\"@graph\":[{\"@type\":\"Article\",\"@id\":\"https:\/\/haciendadelalamo.es\/blog\/celebra-una-noche-magica-con-nosotros-primera-cena-de-fin-de-ano-en-hacienda-del-alamo\/#article\",\"isPartOf\":{\"@id\":\"https:\/\/haciendadelalamo.es\/blog\/celebra-una-noche-magica-con-nosotros-primera-cena-de-fin-de-ano-en-hacienda-del-alamo\/\"},\"author\":{\"name\":\"Hacienda del Alamo\",\"@id\":\"https:\/\/haciendadelalamo.es\/blog\/#\/schema\/person\/9d53a167b95c1fbb6c06a5fd64d263cb\"},\"headline\":\"Celebra una noche m\u00e1gica con nosotros&#8230; Primera cena de Fin de A\u00f1o en Hacienda del \u00c1lamo\",\"datePublished\":\"2015-12-02T17:25:47+00:00\",\"dateModified\":\"2023-12-01T08:44:12+00:00\",\"mainEntityOfPage\":{\"@id\":\"https:\/\/haciendadelalamo.es\/blog\/celebra-una-noche-magica-con-nosotros-primera-cena-de-fin-de-ano-en-hacienda-del-alamo\/\"},\"wordCount\":107,\"commentCount\":0,\"publisher\":{\"@id\":\"https:\/\/haciendadelalamo.es\/blog\/#organization\"},\"articleSection\":[\"Eventos\"],\"inLanguage\":\"es\",\"potentialAction\":[{\"@type\":\"CommentAction\",\"name\":\"Comment\",\"target\":[\"https:\/\/haciendadelalamo.es\/blog\/celebra-una-noche-magica-con-nosotros-primera-cena-de-fin-de-ano-en-hacienda-del-alamo\/#respond\"]}]},{\"@type\":\"WebPage\",\"@id\":\"https:\/\/haciendadelalamo.es\/blog\/celebra-una-noche-magica-con-nosotros-primera-cena-de-fin-de-ano-en-hacienda-del-alamo\/\",\"url\":\"https:\/\/haciendadelalamo.es\/blog\/celebra-una-noche-magica-con-nosotros-primera-cena-de-fin-de-ano-en-hacienda-del-alamo\/\",\"name\":\"Celebra una noche m\u00e1gica con nosotros... Primera cena de Fin de A\u00f1o en Hacienda del \u00c1lamo | Hacienda del \u00c1lamo\",\"isPartOf\":{\"@id\":\"https:\/\/haciendadelalamo.es\/blog\/#website\"},\"datePublished\":\"2015-12-02T17:25:47+00:00\",\"dateModified\":\"2023-12-01T08:44:12+00:00\",\"breadcrumb\":{\"@id\":\"https:\/\/haciendadelalamo.es\/blog\/celebra-una-noche-magica-con-nosotros-primera-cena-de-fin-de-ano-en-hacienda-del-alamo\/#breadcrumb\"},\"inLanguage\":\"es\",\"potentialAction\":[{\"@type\":\"ReadAction\",\"target\":[\"https:\/\/haciendadelalamo.es\/blog\/celebra-una-noche-magica-con-nosotros-primera-cena-de-fin-de-ano-en-hacienda-del-alamo\/\"]}]},{\"@type\":\"BreadcrumbList\",\"@id\":\"https:\/\/haciendadelalamo.es\/blog\/celebra-una-noche-magica-con-nosotros-primera-cena-de-fin-de-ano-en-hacienda-del-alamo\/#breadcrumb\",\"itemListElement\":[{\"@type\":\"ListItem\",\"position\":1,\"name\":\"Portada\",\"item\":\"https:\/\/haciendadelalamo.es\/blog\/\"},{\"@type\":\"ListItem\",\"position\":2,\"name\":\"Celebra una noche m\u00e1gica con nosotros&#8230; Primera cena de Fin de A\u00f1o en Hacienda del \u00c1lamo\"}]},{\"@type\":\"WebSite\",\"@id\":\"https:\/\/haciendadelalamo.es\/blog\/#website\",\"url\":\"https:\/\/haciendadelalamo.es\/blog\/\",\"name\":\"Hacienda del \u00c1lamo\",\"description\":\"Blog\",\"publisher\":{\"@id\":\"https:\/\/haciendadelalamo.es\/blog\/#organization\"},\"potentialAction\":[{\"@type\":\"SearchAction\",\"target\":{\"@type\":\"EntryPoint\",\"urlTemplate\":\"https:\/\/haciendadelalamo.es\/blog\/?s={search_term_string}\"},\"query-input\":\"required name=search_term_string\"}],\"inLanguage\":\"es\"},{\"@type\":\"Organization\",\"@id\":\"https:\/\/haciendadelalamo.es\/blog\/#organization\",\"name\":\"Hacienda del \u00c1lamo\",\"url\":\"https:\/\/haciendadelalamo.es\/blog\/\",\"logo\":{\"@type\":\"ImageObject\",\"inLanguage\":\"es\",\"@id\":\"https:\/\/haciendadelalamo.es\/blog\/#\/schema\/logo\/image\/\",\"url\":\"https:\/\/haciendadelalamo.es\/blog\/wp-content\/uploads\/logo-hacienda-del-alamo.png\",\"contentUrl\":\"https:\/\/haciendadelalamo.es\/blog\/wp-content\/uploads\/logo-hacienda-del-alamo.png\",\"width\":250,\"height\":163,\"caption\":\"Hacienda del \u00c1lamo\"},\"image\":{\"@id\":\"https:\/\/haciendadelalamo.es\/blog\/#\/schema\/logo\/image\/\"}},{\"@type\":\"Person\",\"@id\":\"https:\/\/haciendadelalamo.es\/blog\/#\/schema\/person\/9d53a167b95c1fbb6c06a5fd64d263cb\",\"name\":\"Hacienda del Alamo\",\"image\":{\"@type\":\"ImageObject\",\"inLanguage\":\"es\",\"@id\":\"https:\/\/haciendadelalamo.es\/blog\/#\/schema\/person\/image\/\",\"url\":\"https:\/\/secure.gravatar.com\/avatar\/4c42b2e3bfe1808a2ffd0058abbbc2b9?s=96&d=mm&r=g\",\"contentUrl\":\"https:\/\/secure.gravatar.com\/avatar\/4c42b2e3bfe1808a2ffd0058abbbc2b9?s=96&d=mm&r=g\",\"caption\":\"Hacienda del Alamo\"},\"sameAs\":[\"http:\/\/www.haciendadelalamo.es\"]}]}<\/script>\n<!-- \/ Yoast SEO plugin. -->","yoast_head_json":{"title":"Celebra una noche m\u00e1gica con nosotros... Primera cena de Fin de A\u00f1o en Hacienda del \u00c1lamo | Hacienda del \u00c1lamo","robots":{"index":"noindex","follow":"nofollow"},"og_locale":"es_ES","og_type":"article","og_title":"Celebra una noche m\u00e1gica con nosotros... Primera cena de Fin de A\u00f1o en Hacienda del \u00c1lamo | Hacienda del \u00c1lamo","og_description":"Primera Cena de Gala para celebrar fin de A\u00f1o en Hacienda del Alamo, no te pierdas el exquisito men\u00fa que Alabardero Catering ha preparado para esa noche m\u00e1gica. La calidad y el servicio de&nbsp;Alabardero&nbsp;Catering os sorprender\u00e1, cotill\u00f3n, barra libre y transporte de vuelta incluido!!. *Consultar condiciones M\u00e1s info en nuestras RR.SS, a trav\u00e9s de&nbsp;www.haciendadelalamo.es&nbsp;o a [&hellip;]","og_url":"https:\/\/haciendadelalamo.es\/blog\/celebra-una-noche-magica-con-nosotros-primera-cena-de-fin-de-ano-en-hacienda-del-alamo\/","og_site_name":"Hacienda del \u00c1lamo","article_published_time":"2015-12-02T17:25:47+00:00","article_modified_time":"2023-12-01T08:44:12+00:00","author":"Hacienda del Alamo","twitter_card":"summary_large_image","twitter_misc":{"Escrito por":"Hacienda del Alamo","Tiempo de lectura":"1 minuto"},"schema":{"@context":"https:\/\/schema.org","@graph":[{"@type":"Article","@id":"https:\/\/haciendadelalamo.es\/blog\/celebra-una-noche-magica-con-nosotros-primera-cena-de-fin-de-ano-en-hacienda-del-alamo\/#article","isPartOf":{"@id":"https:\/\/haciendadelalamo.es\/blog\/celebra-una-noche-magica-con-nosotros-primera-cena-de-fin-de-ano-en-hacienda-del-alamo\/"},"author":{"name":"Hacienda del Alamo","@id":"https:\/\/haciendadelalamo.es\/blog\/#\/schema\/person\/9d53a167b95c1fbb6c06a5fd64d263cb"},"headline":"Celebra una noche m\u00e1gica con nosotros&#8230; Primera cena de Fin de A\u00f1o en Hacienda del \u00c1lamo","datePublished":"2015-12-02T17:25:47+00:00","dateModified":"2023-12-01T08:44:12+00:00","mainEntityOfPage":{"@id":"https:\/\/haciendadelalamo.es\/blog\/celebra-una-noche-magica-con-nosotros-primera-cena-de-fin-de-ano-en-hacienda-del-alamo\/"},"wordCount":107,"commentCount":0,"publisher":{"@id":"https:\/\/haciendadelalamo.es\/blog\/#organization"},"articleSection":["Eventos"],"inLanguage":"es","potentialAction":[{"@type":"CommentAction","name":"Comment","target":["https:\/\/haciendadelalamo.es\/blog\/celebra-una-noche-magica-con-nosotros-primera-cena-de-fin-de-ano-en-hacienda-del-alamo\/#respond"]}]},{"@type":"WebPage","@id":"https:\/\/haciendadelalamo.es\/blog\/celebra-una-noche-magica-con-nosotros-primera-cena-de-fin-de-ano-en-hacienda-del-alamo\/","url":"https:\/\/haciendadelalamo.es\/blog\/celebra-una-noche-magica-con-nosotros-primera-cena-de-fin-de-ano-en-hacienda-del-alamo\/","name":"Celebra una noche m\u00e1gica con nosotros... Primera cena de Fin de A\u00f1o en Hacienda del \u00c1lamo | Hacienda del \u00c1lamo","isPartOf":{"@id":"https:\/\/haciendadelalamo.es\/blog\/#website"},"datePublished":"2015-12-02T17:25:47+00:00","dateModified":"2023-12-01T08:44:12+00:00","breadcrumb":{"@id":"https:\/\/haciendadelalamo.es\/blog\/celebra-una-noche-magica-con-nosotros-primera-cena-de-fin-de-ano-en-hacienda-del-alamo\/#breadcrumb"},"inLanguage":"es","potentialAction":[{"@type":"ReadAction","target":["https:\/\/haciendadelalamo.es\/blog\/celebra-una-noche-magica-con-nosotros-primera-cena-de-fin-de-ano-en-hacienda-del-alamo\/"]}]},{"@type":"BreadcrumbList","@id":"https:\/\/haciendadelalamo.es\/blog\/celebra-una-noche-magica-con-nosotros-primera-cena-de-fin-de-ano-en-hacienda-del-alamo\/#breadcrumb","itemListElement":[{"@type":"ListItem","position":1,"name":"Portada","item":"https:\/\/haciendadelalamo.es\/blog\/"},{"@type":"ListItem","position":2,"name":"Celebra una noche m\u00e1gica con nosotros&#8230; Primera cena de Fin de A\u00f1o en Hacienda del \u00c1lamo"}]},{"@type":"WebSite","@id":"https:\/\/haciendadelalamo.es\/blog\/#website","url":"https:\/\/haciendadelalamo.es\/blog\/","name":"Hacienda del \u00c1lamo","description":"Blog","publisher":{"@id":"https:\/\/haciendadelalamo.es\/blog\/#organization"},"potentialAction":[{"@type":"SearchAction","target":{"@type":"EntryPoint","urlTemplate":"https:\/\/haciendadelalamo.es\/blog\/?s={search_term_string}"},"query-input":"required name=search_term_string"}],"inLanguage":"es"},{"@type":"Organization","@id":"https:\/\/haciendadelalamo.es\/blog\/#organization","name":"Hacienda del \u00c1lamo","url":"https:\/\/haciendadelalamo.es\/blog\/","logo":{"@type":"ImageObject","inLanguage":"es","@id":"https:\/\/haciendadelalamo.es\/blog\/#\/schema\/logo\/image\/","url":"https:\/\/haciendadelalamo.es\/blog\/wp-content\/uploads\/logo-hacienda-del-alamo.png","contentUrl":"https:\/\/haciendadelalamo.es\/blog\/wp-content\/uploads\/logo-hacienda-del-alamo.png","width":250,"height":163,"caption":"Hacienda del \u00c1lamo"},"image":{"@id":"https:\/\/haciendadelalamo.es\/blog\/#\/schema\/logo\/image\/"}},{"@type":"Person","@id":"https:\/\/haciendadelalamo.es\/blog\/#\/schema\/person\/9d53a167b95c1fbb6c06a5fd64d263cb","name":"Hacienda del Alamo","image":{"@type":"ImageObject","inLanguage":"es","@id":"https:\/\/haciendadelalamo.es\/blog\/#\/schema\/person\/image\/","url":"https:\/\/secure.gravatar.com\/avatar\/4c42b2e3bfe1808a2ffd0058abbbc2b9?s=96&d=mm&r=g","contentUrl":"https:\/\/secure.gravatar.com\/avatar\/4c42b2e3bfe1808a2ffd0058abbbc2b9?s=96&d=mm&r=g","caption":"Hacienda del Alamo"},"sameAs":["http:\/\/www.haciendadelalamo.es"]}]}},"_links":{"self":[{"href":"https:\/\/haciendadelalamo.es\/blog\/wp-json\/wp\/v2\/posts\/1241"}],"collection":[{"href":"https:\/\/haciendadelalamo.es\/blog\/wp-json\/wp\/v2\/posts"}],"about":[{"href":"https:\/\/haciendadelalamo.es\/blog\/wp-json\/wp\/v2\/types\/post"}],"author":[{"embeddable":true,"href":"https:\/\/haciendadelalamo.es\/blog\/wp-json\/wp\/v2\/users\/2"}],"replies":[{"embeddable":true,"href":"https:\/\/haciendadelalamo.es\/blog\/wp-json\/wp\/v2\/comments?post=1241"}],"version-history":[{"count":4,"href":"https:\/\/haciendadelalamo.es\/blog\/wp-json\/wp\/v2\/posts\/1241\/revisions"}],"predecessor-version":[{"id":2239,"href":"https:\/\/haciendadelalamo.es\/blog\/wp-json\/wp\/v2\/posts\/1241\/revisions\/2239"}],"wp:attachment":[{"href":"https:\/\/haciendadelalamo.es\/blog\/wp-json\/wp\/v2\/media?parent=1241"}],"wp:term":[{"taxonomy":"category","embeddable":true,"href":"https:\/\/haciendadelalamo.es\/blog\/wp-json\/wp\/v2\/categories?post=1241"},{"taxonomy":"post_tag","embeddable":true,"href":"https:\/\/haciendadelalamo.es\/blog\/wp-json\/wp\/v2\/tags?post=1241"}],"curies":[{"name":"wp","href":"https:\/\/api.w.org\/{rel}","templated":true}]}}