{"id":1069,"date":"2015-07-09T11:03:27","date_gmt":"2015-07-09T09:03:27","guid":{"rendered":"http:\/\/www.haciendadelalamo.es\/blog\/?p=1069"},"modified":"2023-12-01T10:49:48","modified_gmt":"2023-12-01T08:49:48","slug":"muchas-gracias-raquel-y-tono-bodas-en-malaga-novios-en-hacienda-del-alamo","status":"publish","type":"post","link":"https:\/\/haciendadelalamo.es\/blog\/muchas-gracias-raquel-y-tono-bodas-en-malaga-novios-en-hacienda-del-alamo\/","title":{"rendered":"MUCHAS GRACIAS RAQUEL Y TO\u00d1O ** Bodas en M\u00e1laga &#038; Novios en Hacienda del \u00c1lamo"},"content":{"rendered":"<h2>MUCHAS GRACIAS RAQUEL Y TO\u00d1O ** Bodas en M\u00e1laga &amp; Novios en Hacienda del \u00c1lamo<\/h2>\n<p>From: R.J<br \/>\nTo: info@haciendadelalamo.es<br \/>\nSubject: Lo prometido es deuda &#8211; BODA RAQUEL &amp; TO\u00d1O 18\/10\/2014<br \/>\nDate: Thu, 12 Feb 2015 11:14:42 +0000<\/p>\n<p style=\"text-align: justify;\">Todo el mundo nos dec\u00eda que el d\u00eda de nuestra boda iba a ser uno de los d\u00edas m\u00e1s especiales de nuestra vida&#8230; no se equivocaban y vosotros nos ayudasteis a que as\u00ed fuera.<\/p>\n<p style=\"text-align: justify;\">Os queremos agradecer todo el cari\u00f1o que recibimos durante los meses de preparativos y, sobre todo, la atenci\u00f3n y consejos de Eva que nos acompa\u00f1\u00f3 en esos momentos tan importantes para nosotros.<\/p>\n<p style=\"text-align: justify;\">Por todo esto, os damos las gracias a todos los integrantes del equipo, ya que hicisteis que todo saliera perfecto y que pudi\u00e9ramos disfrutar de este d\u00eda inolvidable con familiares y amigos.<\/p>\n<p style=\"text-align: justify;\">Quer\u00edamos mandarte unas palabras y unas fotos para que las publiqu\u00e9is en vuestra p\u00e1gina web, porque s\u00f3lo podemos estar agradecidos por el d\u00eda tan maravilloso que vivimos. Te mando el enlace de las fotos, el reportaje que nos ha hecho Laura es precioso.<\/p>\n<p>\u00a0Con cari\u00f1o, Raquel y To\u00f1o.<\/p>\n<div id='gallery-1' class='gallery galleryid-1069 gallery-columns-4 gallery-size-thumbnail'><figure class='gallery-item'>\n\t\t\t<div class='gallery-icon landscape'>\n\t\t\t\t<a href='https:\/\/haciendadelalamo.es\/blog\/wp-content\/uploads\/Coctel_050.jpg'><img width=\"150\" height=\"150\" src=\"https:\/\/haciendadelalamo.es\/blog\/wp-content\/uploads\/Coctel_050-150x150.jpg\" class=\"attachment-thumbnail size-thumbnail\" alt=\"\" decoding=\"async\" loading=\"lazy\" srcset=\"https:\/\/haciendadelalamo.es\/blog\/wp-content\/uploads\/Coctel_050-150x150.jpg 150w, https:\/\/haciendadelalamo.es\/blog\/wp-content\/uploads\/Coctel_050-100x100.jpg 100w\" sizes=\"(max-width: 150px) 100vw, 150px\" \/><\/a>\n\t\t\t<\/div><\/figure><figure class='gallery-item'>\n\t\t\t<div class='gallery-icon portrait'>\n\t\t\t\t<a href='https:\/\/haciendadelalamo.es\/blog\/wp-content\/uploads\/Coctel_005.jpg'><img width=\"150\" height=\"150\" src=\"https:\/\/haciendadelalamo.es\/blog\/wp-content\/uploads\/Coctel_005-150x150.jpg\" class=\"attachment-thumbnail size-thumbnail\" alt=\"\" decoding=\"async\" loading=\"lazy\" srcset=\"https:\/\/haciendadelalamo.es\/blog\/wp-content\/uploads\/Coctel_005-150x150.jpg 150w, https:\/\/haciendadelalamo.es\/blog\/wp-content\/uploads\/Coctel_005-100x100.jpg 100w\" sizes=\"(max-width: 150px) 100vw, 150px\" \/><\/a>\n\t\t\t<\/div><\/figure><figure class='gallery-item'>\n\t\t\t<div class='gallery-icon portrait'>\n\t\t\t\t<a href='https:\/\/haciendadelalamo.es\/blog\/wp-content\/uploads\/Baile_059.jpg'><img width=\"150\" height=\"150\" src=\"https:\/\/haciendadelalamo.es\/blog\/wp-content\/uploads\/Baile_059-150x150.jpg\" class=\"attachment-thumbnail size-thumbnail\" alt=\"\" decoding=\"async\" loading=\"lazy\" srcset=\"https:\/\/haciendadelalamo.es\/blog\/wp-content\/uploads\/Baile_059-150x150.jpg 150w, https:\/\/haciendadelalamo.es\/blog\/wp-content\/uploads\/Baile_059-100x100.jpg 100w\" sizes=\"(max-width: 150px) 100vw, 150px\" \/><\/a>\n\t\t\t<\/div><\/figure><figure class='gallery-item'>\n\t\t\t<div class='gallery-icon landscape'>\n\t\t\t\t<a href='https:\/\/haciendadelalamo.es\/blog\/wp-content\/uploads\/Baile_030.jpg'><img width=\"150\" height=\"150\" src=\"https:\/\/haciendadelalamo.es\/blog\/wp-content\/uploads\/Baile_030-150x150.jpg\" class=\"attachment-thumbnail size-thumbnail\" alt=\"\" decoding=\"async\" loading=\"lazy\" srcset=\"https:\/\/haciendadelalamo.es\/blog\/wp-content\/uploads\/Baile_030-150x150.jpg 150w, https:\/\/haciendadelalamo.es\/blog\/wp-content\/uploads\/Baile_030-100x100.jpg 100w\" sizes=\"(max-width: 150px) 100vw, 150px\" \/><\/a>\n\t\t\t<\/div><\/figure><figure class='gallery-item'>\n\t\t\t<div class='gallery-icon landscape'>\n\t\t\t\t<a href='https:\/\/haciendadelalamo.es\/blog\/wp-content\/uploads\/Baile_001.jpg'><img width=\"150\" height=\"150\" src=\"https:\/\/haciendadelalamo.es\/blog\/wp-content\/uploads\/Baile_001-150x150.jpg\" class=\"attachment-thumbnail size-thumbnail\" alt=\"\" decoding=\"async\" loading=\"lazy\" srcset=\"https:\/\/haciendadelalamo.es\/blog\/wp-content\/uploads\/Baile_001-150x150.jpg 150w, https:\/\/haciendadelalamo.es\/blog\/wp-content\/uploads\/Baile_001-100x100.jpg 100w\" sizes=\"(max-width: 150px) 100vw, 150px\" \/><\/a>\n\t\t\t<\/div><\/figure><figure class='gallery-item'>\n\t\t\t<div class='gallery-icon portrait'>\n\t\t\t\t<a href='https:\/\/haciendadelalamo.es\/blog\/wp-content\/uploads\/A-Solas_178.jpg'><img width=\"150\" height=\"150\" src=\"https:\/\/haciendadelalamo.es\/blog\/wp-content\/uploads\/A-Solas_178-150x150.jpg\" class=\"attachment-thumbnail size-thumbnail\" alt=\"\" decoding=\"async\" loading=\"lazy\" srcset=\"https:\/\/haciendadelalamo.es\/blog\/wp-content\/uploads\/A-Solas_178-150x150.jpg 150w, https:\/\/haciendadelalamo.es\/blog\/wp-content\/uploads\/A-Solas_178-100x100.jpg 100w\" sizes=\"(max-width: 150px) 100vw, 150px\" \/><\/a>\n\t\t\t<\/div><\/figure><figure class='gallery-item'>\n\t\t\t<div class='gallery-icon landscape'>\n\t\t\t\t<a href='https:\/\/haciendadelalamo.es\/blog\/wp-content\/uploads\/A-Solas_169.jpg'><img width=\"150\" height=\"150\" src=\"https:\/\/haciendadelalamo.es\/blog\/wp-content\/uploads\/A-Solas_169-150x150.jpg\" class=\"attachment-thumbnail size-thumbnail\" alt=\"\" decoding=\"async\" loading=\"lazy\" srcset=\"https:\/\/haciendadelalamo.es\/blog\/wp-content\/uploads\/A-Solas_169-150x150.jpg 150w, https:\/\/haciendadelalamo.es\/blog\/wp-content\/uploads\/A-Solas_169-100x100.jpg 100w\" sizes=\"(max-width: 150px) 100vw, 150px\" \/><\/a>\n\t\t\t<\/div><\/figure><figure class='gallery-item'>\n\t\t\t<div class='gallery-icon landscape'>\n\t\t\t\t<a href='https:\/\/haciendadelalamo.es\/blog\/wp-content\/uploads\/A-Solas_150.jpg'><img width=\"150\" height=\"150\" src=\"https:\/\/haciendadelalamo.es\/blog\/wp-content\/uploads\/A-Solas_150-150x150.jpg\" class=\"attachment-thumbnail size-thumbnail\" alt=\"\" decoding=\"async\" loading=\"lazy\" srcset=\"https:\/\/haciendadelalamo.es\/blog\/wp-content\/uploads\/A-Solas_150-150x150.jpg 150w, https:\/\/haciendadelalamo.es\/blog\/wp-content\/uploads\/A-Solas_150-100x100.jpg 100w\" sizes=\"(max-width: 150px) 100vw, 150px\" \/><\/a>\n\t\t\t<\/div><\/figure><figure class='gallery-item'>\n\t\t\t<div class='gallery-icon portrait'>\n\t\t\t\t<a href='https:\/\/haciendadelalamo.es\/blog\/wp-content\/uploads\/A-Solas_018.jpg'><img width=\"150\" height=\"150\" src=\"https:\/\/haciendadelalamo.es\/blog\/wp-content\/uploads\/A-Solas_018-150x150.jpg\" class=\"attachment-thumbnail size-thumbnail\" alt=\"\" decoding=\"async\" loading=\"lazy\" srcset=\"https:\/\/haciendadelalamo.es\/blog\/wp-content\/uploads\/A-Solas_018-150x150.jpg 150w, https:\/\/haciendadelalamo.es\/blog\/wp-content\/uploads\/A-Solas_018-100x100.jpg 100w\" sizes=\"(max-width: 150px) 100vw, 150px\" \/><\/a>\n\t\t\t<\/div><\/figure><figure class='gallery-item'>\n\t\t\t<div class='gallery-icon landscape'>\n\t\t\t\t<a href='https:\/\/haciendadelalamo.es\/blog\/wp-content\/uploads\/A-Solas_017.jpg'><img width=\"150\" height=\"150\" src=\"https:\/\/haciendadelalamo.es\/blog\/wp-content\/uploads\/A-Solas_017-150x150.jpg\" class=\"attachment-thumbnail size-thumbnail\" alt=\"\" decoding=\"async\" loading=\"lazy\" srcset=\"https:\/\/haciendadelalamo.es\/blog\/wp-content\/uploads\/A-Solas_017-150x150.jpg 150w, https:\/\/haciendadelalamo.es\/blog\/wp-content\/uploads\/A-Solas_017-100x100.jpg 100w\" sizes=\"(max-width: 150px) 100vw, 150px\" \/><\/a>\n\t\t\t<\/div><\/figure>\n\t\t<\/div>\n\n","protected":false},"excerpt":{"rendered":"<p>MUCHAS GRACIAS RAQUEL Y TO\u00d1O ** Bodas en M\u00e1laga &amp; Novios en Hacienda del \u00c1lamo From: R.J To: info@haciendadelalamo.es Subject: Lo prometido es deuda &#8211; BODA RAQUEL &amp; TO\u00d1O 18\/10\/2014 Date: Thu, 12 Feb 2015 11:14:42 +0000 Todo el mundo nos dec\u00eda que el d\u00eda de nuestra boda iba a ser uno de los d\u00edas [&hellip;]<\/p>\n","protected":false},"author":2,"featured_media":0,"comment_status":"open","ping_status":"closed","sticky":false,"template":"","format":"standard","meta":{"footnotes":""},"categories":[23],"tags":[],"yoast_head":"<!-- This site is optimized with the Yoast SEO plugin v21.6 - https:\/\/yoast.com\/wordpress\/plugins\/seo\/ -->\n<title>MUCHAS GRACIAS RAQUEL Y TO\u00d1O ** Bodas en M\u00e1laga &amp; Novios en Hacienda del \u00c1lamo | Hacienda del \u00c1lamo<\/title>\n<meta name=\"robots\" content=\"noindex, nofollow\" \/>\n<meta property=\"og:locale\" content=\"es_ES\" \/>\n<meta property=\"og:type\" content=\"article\" \/>\n<meta property=\"og:title\" content=\"MUCHAS GRACIAS RAQUEL Y TO\u00d1O ** Bodas en M\u00e1laga &amp; Novios en Hacienda del \u00c1lamo | Hacienda del \u00c1lamo\" \/>\n<meta property=\"og:description\" content=\"MUCHAS GRACIAS RAQUEL Y TO\u00d1O ** Bodas en M\u00e1laga &amp; Novios en Hacienda del \u00c1lamo From: R.J To: info@haciendadelalamo.es Subject: Lo prometido es deuda &#8211; BODA RAQUEL &amp; TO\u00d1O 18\/10\/2014 Date: Thu, 12 Feb 2015 11:14:42 +0000 Todo el mundo nos dec\u00eda que el d\u00eda de nuestra boda iba a ser uno de los d\u00edas [&hellip;]\" \/>\n<meta property=\"og:url\" content=\"https:\/\/haciendadelalamo.es\/blog\/muchas-gracias-raquel-y-tono-bodas-en-malaga-novios-en-hacienda-del-alamo\/\" \/>\n<meta property=\"og:site_name\" content=\"Hacienda del \u00c1lamo\" \/>\n<meta property=\"article:published_time\" content=\"2015-07-09T09:03:27+00:00\" \/>\n<meta property=\"article:modified_time\" content=\"2023-12-01T08:49:48+00:00\" \/>\n<meta property=\"og:image\" content=\"https:\/\/haciendadelalamo.es\/blog\/wp-content\/uploads\/Coctel_050-150x150.jpg\" \/>\n<meta name=\"author\" content=\"Hacienda del Alamo\" \/>\n<meta name=\"twitter:card\" content=\"summary_large_image\" \/>\n<meta name=\"twitter:label1\" content=\"Escrito por\" \/>\n\t<meta name=\"twitter:data1\" content=\"Hacienda del Alamo\" \/>\n\t<meta name=\"twitter:label2\" content=\"Tiempo de lectura\" \/>\n\t<meta name=\"twitter:data2\" content=\"1 minuto\" \/>\n<script type=\"application\/ld+json\" class=\"yoast-schema-graph\">{\"@context\":\"https:\/\/schema.org\",\"@graph\":[{\"@type\":\"Article\",\"@id\":\"https:\/\/haciendadelalamo.es\/blog\/muchas-gracias-raquel-y-tono-bodas-en-malaga-novios-en-hacienda-del-alamo\/#article\",\"isPartOf\":{\"@id\":\"https:\/\/haciendadelalamo.es\/blog\/muchas-gracias-raquel-y-tono-bodas-en-malaga-novios-en-hacienda-del-alamo\/\"},\"author\":{\"name\":\"Hacienda del Alamo\",\"@id\":\"https:\/\/haciendadelalamo.es\/blog\/#\/schema\/person\/9d53a167b95c1fbb6c06a5fd64d263cb\"},\"headline\":\"MUCHAS GRACIAS RAQUEL Y TO\u00d1O ** Bodas en M\u00e1laga &#038; Novios en Hacienda del \u00c1lamo\",\"datePublished\":\"2015-07-09T09:03:27+00:00\",\"dateModified\":\"2023-12-01T08:49:48+00:00\",\"mainEntityOfPage\":{\"@id\":\"https:\/\/haciendadelalamo.es\/blog\/muchas-gracias-raquel-y-tono-bodas-en-malaga-novios-en-hacienda-del-alamo\/\"},\"wordCount\":221,\"commentCount\":0,\"publisher\":{\"@id\":\"https:\/\/haciendadelalamo.es\/blog\/#organization\"},\"articleSection\":[\"Opiniones de nuestros clientes\"],\"inLanguage\":\"es\",\"potentialAction\":[{\"@type\":\"CommentAction\",\"name\":\"Comment\",\"target\":[\"https:\/\/haciendadelalamo.es\/blog\/muchas-gracias-raquel-y-tono-bodas-en-malaga-novios-en-hacienda-del-alamo\/#respond\"]}]},{\"@type\":\"WebPage\",\"@id\":\"https:\/\/haciendadelalamo.es\/blog\/muchas-gracias-raquel-y-tono-bodas-en-malaga-novios-en-hacienda-del-alamo\/\",\"url\":\"https:\/\/haciendadelalamo.es\/blog\/muchas-gracias-raquel-y-tono-bodas-en-malaga-novios-en-hacienda-del-alamo\/\",\"name\":\"MUCHAS GRACIAS RAQUEL Y TO\u00d1O ** Bodas en M\u00e1laga & Novios en Hacienda del \u00c1lamo | Hacienda del \u00c1lamo\",\"isPartOf\":{\"@id\":\"https:\/\/haciendadelalamo.es\/blog\/#website\"},\"datePublished\":\"2015-07-09T09:03:27+00:00\",\"dateModified\":\"2023-12-01T08:49:48+00:00\",\"breadcrumb\":{\"@id\":\"https:\/\/haciendadelalamo.es\/blog\/muchas-gracias-raquel-y-tono-bodas-en-malaga-novios-en-hacienda-del-alamo\/#breadcrumb\"},\"inLanguage\":\"es\",\"potentialAction\":[{\"@type\":\"ReadAction\",\"target\":[\"https:\/\/haciendadelalamo.es\/blog\/muchas-gracias-raquel-y-tono-bodas-en-malaga-novios-en-hacienda-del-alamo\/\"]}]},{\"@type\":\"BreadcrumbList\",\"@id\":\"https:\/\/haciendadelalamo.es\/blog\/muchas-gracias-raquel-y-tono-bodas-en-malaga-novios-en-hacienda-del-alamo\/#breadcrumb\",\"itemListElement\":[{\"@type\":\"ListItem\",\"position\":1,\"name\":\"Portada\",\"item\":\"https:\/\/haciendadelalamo.es\/blog\/\"},{\"@type\":\"ListItem\",\"position\":2,\"name\":\"MUCHAS GRACIAS RAQUEL Y TO\u00d1O ** Bodas en M\u00e1laga &#038; Novios en Hacienda del \u00c1lamo\"}]},{\"@type\":\"WebSite\",\"@id\":\"https:\/\/haciendadelalamo.es\/blog\/#website\",\"url\":\"https:\/\/haciendadelalamo.es\/blog\/\",\"name\":\"Hacienda del \u00c1lamo\",\"description\":\"Blog\",\"publisher\":{\"@id\":\"https:\/\/haciendadelalamo.es\/blog\/#organization\"},\"potentialAction\":[{\"@type\":\"SearchAction\",\"target\":{\"@type\":\"EntryPoint\",\"urlTemplate\":\"https:\/\/haciendadelalamo.es\/blog\/?s={search_term_string}\"},\"query-input\":\"required name=search_term_string\"}],\"inLanguage\":\"es\"},{\"@type\":\"Organization\",\"@id\":\"https:\/\/haciendadelalamo.es\/blog\/#organization\",\"name\":\"Hacienda del \u00c1lamo\",\"url\":\"https:\/\/haciendadelalamo.es\/blog\/\",\"logo\":{\"@type\":\"ImageObject\",\"inLanguage\":\"es\",\"@id\":\"https:\/\/haciendadelalamo.es\/blog\/#\/schema\/logo\/image\/\",\"url\":\"https:\/\/haciendadelalamo.es\/blog\/wp-content\/uploads\/logo-hacienda-del-alamo.png\",\"contentUrl\":\"https:\/\/haciendadelalamo.es\/blog\/wp-content\/uploads\/logo-hacienda-del-alamo.png\",\"width\":250,\"height\":163,\"caption\":\"Hacienda del \u00c1lamo\"},\"image\":{\"@id\":\"https:\/\/haciendadelalamo.es\/blog\/#\/schema\/logo\/image\/\"}},{\"@type\":\"Person\",\"@id\":\"https:\/\/haciendadelalamo.es\/blog\/#\/schema\/person\/9d53a167b95c1fbb6c06a5fd64d263cb\",\"name\":\"Hacienda del Alamo\",\"image\":{\"@type\":\"ImageObject\",\"inLanguage\":\"es\",\"@id\":\"https:\/\/haciendadelalamo.es\/blog\/#\/schema\/person\/image\/\",\"url\":\"https:\/\/secure.gravatar.com\/avatar\/4c42b2e3bfe1808a2ffd0058abbbc2b9?s=96&d=mm&r=g\",\"contentUrl\":\"https:\/\/secure.gravatar.com\/avatar\/4c42b2e3bfe1808a2ffd0058abbbc2b9?s=96&d=mm&r=g\",\"caption\":\"Hacienda del Alamo\"},\"sameAs\":[\"http:\/\/www.haciendadelalamo.es\"]}]}<\/script>\n<!-- \/ Yoast SEO plugin. -->","yoast_head_json":{"title":"MUCHAS GRACIAS RAQUEL Y TO\u00d1O ** Bodas en M\u00e1laga & Novios en Hacienda del \u00c1lamo | Hacienda del \u00c1lamo","robots":{"index":"noindex","follow":"nofollow"},"og_locale":"es_ES","og_type":"article","og_title":"MUCHAS GRACIAS RAQUEL Y TO\u00d1O ** Bodas en M\u00e1laga & Novios en Hacienda del \u00c1lamo | Hacienda del \u00c1lamo","og_description":"MUCHAS GRACIAS RAQUEL Y TO\u00d1O ** Bodas en M\u00e1laga &amp; Novios en Hacienda del \u00c1lamo From: R.J To: info@haciendadelalamo.es Subject: Lo prometido es deuda &#8211; BODA RAQUEL &amp; TO\u00d1O 18\/10\/2014 Date: Thu, 12 Feb 2015 11:14:42 +0000 Todo el mundo nos dec\u00eda que el d\u00eda de nuestra boda iba a ser uno de los d\u00edas [&hellip;]","og_url":"https:\/\/haciendadelalamo.es\/blog\/muchas-gracias-raquel-y-tono-bodas-en-malaga-novios-en-hacienda-del-alamo\/","og_site_name":"Hacienda del \u00c1lamo","article_published_time":"2015-07-09T09:03:27+00:00","article_modified_time":"2023-12-01T08:49:48+00:00","og_image":[{"url":"https:\/\/haciendadelalamo.es\/blog\/wp-content\/uploads\/Coctel_050-150x150.jpg"}],"author":"Hacienda del Alamo","twitter_card":"summary_large_image","twitter_misc":{"Escrito por":"Hacienda del Alamo","Tiempo de lectura":"1 minuto"},"schema":{"@context":"https:\/\/schema.org","@graph":[{"@type":"Article","@id":"https:\/\/haciendadelalamo.es\/blog\/muchas-gracias-raquel-y-tono-bodas-en-malaga-novios-en-hacienda-del-alamo\/#article","isPartOf":{"@id":"https:\/\/haciendadelalamo.es\/blog\/muchas-gracias-raquel-y-tono-bodas-en-malaga-novios-en-hacienda-del-alamo\/"},"author":{"name":"Hacienda del Alamo","@id":"https:\/\/haciendadelalamo.es\/blog\/#\/schema\/person\/9d53a167b95c1fbb6c06a5fd64d263cb"},"headline":"MUCHAS GRACIAS RAQUEL Y TO\u00d1O ** Bodas en M\u00e1laga &#038; Novios en Hacienda del \u00c1lamo","datePublished":"2015-07-09T09:03:27+00:00","dateModified":"2023-12-01T08:49:48+00:00","mainEntityOfPage":{"@id":"https:\/\/haciendadelalamo.es\/blog\/muchas-gracias-raquel-y-tono-bodas-en-malaga-novios-en-hacienda-del-alamo\/"},"wordCount":221,"commentCount":0,"publisher":{"@id":"https:\/\/haciendadelalamo.es\/blog\/#organization"},"articleSection":["Opiniones de nuestros clientes"],"inLanguage":"es","potentialAction":[{"@type":"CommentAction","name":"Comment","target":["https:\/\/haciendadelalamo.es\/blog\/muchas-gracias-raquel-y-tono-bodas-en-malaga-novios-en-hacienda-del-alamo\/#respond"]}]},{"@type":"WebPage","@id":"https:\/\/haciendadelalamo.es\/blog\/muchas-gracias-raquel-y-tono-bodas-en-malaga-novios-en-hacienda-del-alamo\/","url":"https:\/\/haciendadelalamo.es\/blog\/muchas-gracias-raquel-y-tono-bodas-en-malaga-novios-en-hacienda-del-alamo\/","name":"MUCHAS GRACIAS RAQUEL Y TO\u00d1O ** Bodas en M\u00e1laga & Novios en Hacienda del \u00c1lamo | Hacienda del \u00c1lamo","isPartOf":{"@id":"https:\/\/haciendadelalamo.es\/blog\/#website"},"datePublished":"2015-07-09T09:03:27+00:00","dateModified":"2023-12-01T08:49:48+00:00","breadcrumb":{"@id":"https:\/\/haciendadelalamo.es\/blog\/muchas-gracias-raquel-y-tono-bodas-en-malaga-novios-en-hacienda-del-alamo\/#breadcrumb"},"inLanguage":"es","potentialAction":[{"@type":"ReadAction","target":["https:\/\/haciendadelalamo.es\/blog\/muchas-gracias-raquel-y-tono-bodas-en-malaga-novios-en-hacienda-del-alamo\/"]}]},{"@type":"BreadcrumbList","@id":"https:\/\/haciendadelalamo.es\/blog\/muchas-gracias-raquel-y-tono-bodas-en-malaga-novios-en-hacienda-del-alamo\/#breadcrumb","itemListElement":[{"@type":"ListItem","position":1,"name":"Portada","item":"https:\/\/haciendadelalamo.es\/blog\/"},{"@type":"ListItem","position":2,"name":"MUCHAS GRACIAS RAQUEL Y TO\u00d1O ** Bodas en M\u00e1laga &#038; Novios en Hacienda del \u00c1lamo"}]},{"@type":"WebSite","@id":"https:\/\/haciendadelalamo.es\/blog\/#website","url":"https:\/\/haciendadelalamo.es\/blog\/","name":"Hacienda del \u00c1lamo","description":"Blog","publisher":{"@id":"https:\/\/haciendadelalamo.es\/blog\/#organization"},"potentialAction":[{"@type":"SearchAction","target":{"@type":"EntryPoint","urlTemplate":"https:\/\/haciendadelalamo.es\/blog\/?s={search_term_string}"},"query-input":"required name=search_term_string"}],"inLanguage":"es"},{"@type":"Organization","@id":"https:\/\/haciendadelalamo.es\/blog\/#organization","name":"Hacienda del \u00c1lamo","url":"https:\/\/haciendadelalamo.es\/blog\/","logo":{"@type":"ImageObject","inLanguage":"es","@id":"https:\/\/haciendadelalamo.es\/blog\/#\/schema\/logo\/image\/","url":"https:\/\/haciendadelalamo.es\/blog\/wp-content\/uploads\/logo-hacienda-del-alamo.png","contentUrl":"https:\/\/haciendadelalamo.es\/blog\/wp-content\/uploads\/logo-hacienda-del-alamo.png","width":250,"height":163,"caption":"Hacienda del \u00c1lamo"},"image":{"@id":"https:\/\/haciendadelalamo.es\/blog\/#\/schema\/logo\/image\/"}},{"@type":"Person","@id":"https:\/\/haciendadelalamo.es\/blog\/#\/schema\/person\/9d53a167b95c1fbb6c06a5fd64d263cb","name":"Hacienda del Alamo","image":{"@type":"ImageObject","inLanguage":"es","@id":"https:\/\/haciendadelalamo.es\/blog\/#\/schema\/person\/image\/","url":"https:\/\/secure.gravatar.com\/avatar\/4c42b2e3bfe1808a2ffd0058abbbc2b9?s=96&d=mm&r=g","contentUrl":"https:\/\/secure.gravatar.com\/avatar\/4c42b2e3bfe1808a2ffd0058abbbc2b9?s=96&d=mm&r=g","caption":"Hacienda del Alamo"},"sameAs":["http:\/\/www.haciendadelalamo.es"]}]}},"_links":{"self":[{"href":"https:\/\/haciendadelalamo.es\/blog\/wp-json\/wp\/v2\/posts\/1069"}],"collection":[{"href":"https:\/\/haciendadelalamo.es\/blog\/wp-json\/wp\/v2\/posts"}],"about":[{"href":"https:\/\/haciendadelalamo.es\/blog\/wp-json\/wp\/v2\/types\/post"}],"author":[{"embeddable":true,"href":"https:\/\/haciendadelalamo.es\/blog\/wp-json\/wp\/v2\/users\/2"}],"replies":[{"embeddable":true,"href":"https:\/\/haciendadelalamo.es\/blog\/wp-json\/wp\/v2\/comments?post=1069"}],"version-history":[{"count":4,"href":"https:\/\/haciendadelalamo.es\/blog\/wp-json\/wp\/v2\/posts\/1069\/revisions"}],"predecessor-version":[{"id":1195,"href":"https:\/\/haciendadelalamo.es\/blog\/wp-json\/wp\/v2\/posts\/1069\/revisions\/1195"}],"wp:attachment":[{"href":"https:\/\/haciendadelalamo.es\/blog\/wp-json\/wp\/v2\/media?parent=1069"}],"wp:term":[{"taxonomy":"category","embeddable":true,"href":"https:\/\/haciendadelalamo.es\/blog\/wp-json\/wp\/v2\/categories?post=1069"},{"taxonomy":"post_tag","embeddable":true,"href":"https:\/\/haciendadelalamo.es\/blog\/wp-json\/wp\/v2\/tags?post=1069"}],"curies":[{"name":"wp","href":"https:\/\/api.w.org\/{rel}","templated":true}]}}