{"id":1062,"date":"2015-07-08T12:13:29","date_gmt":"2015-07-08T10:13:29","guid":{"rendered":"http:\/\/www.haciendadelalamo.es\/blog\/?p=1062"},"modified":"2023-12-01T10:49:55","modified_gmt":"2023-12-01T08:49:55","slug":"agradecimientos-de-ma-del-mar-y-enrique-boda-30052015-hacienda-del-alamo-malaga","status":"publish","type":"post","link":"https:\/\/haciendadelalamo.es\/blog\/agradecimientos-de-ma-del-mar-y-enrique-boda-30052015-hacienda-del-alamo-malaga\/","title":{"rendered":"Agradecimientos de M\u00aa del Mar y Enrique &#8211; Boda 30\/05\/2015 &#8211; Hacienda del Alamo M\u00e1laga"},"content":{"rendered":"<h2>Agradecimientos de M\u00aa del Mar y Enrique &#8211; Boda 30\/05\/2015 &#8211; Hacienda del \u00c1lamo M\u00e1laga<\/h2>\n<p><strong>De:<\/strong> M.d.M.R.N<br \/>\n<strong>Enviado el:<\/strong> lunes, 06 de julio de 2015 21:49<br \/>\n<strong>Para:<\/strong> info@haciendadelalamo.es<br \/>\n<strong>CC:<\/strong> E.G.P<br \/>\n<strong>Asunto:<\/strong> Agradecimiento por nuestra Boda (M.\u00aa del Mar y Enrique, 30\/05)<\/p>\n<p>\u00a1Hola, chicos!<\/p>\n<p style=\"text-align: justify;\">Supongo que seguir\u00e9is liados organizando bodas y haci\u00e9ndoselo pasar bien a la gente, pero no quer\u00edamos dejar pasar m\u00e1s tiempo sin escribiros unas palabrillas de agradecimiento.<\/p>\n<p style=\"text-align: justify;\">Debo reconocer que desde el principio, cuando visitamos la hacienda por primera vez, sentimos que era el sitio perfecto para celebrar nuestra boda\u2026 que la antigua due\u00f1a de la casa se llamara Emilia como mi madre, el marido fuera militar como mi suegro y nuestra Eva hubiera trabajado en Disneyland Paris como nosotros, no pod\u00eda ser casualidad \ud83d\ude42<\/p>\n<p style=\"text-align: justify;\">Bromas aparte, queremos agradecer con este mensaje todo vuestro trabajo y dedicaci\u00f3n. Desde el primer momento nos sentimos como en casa y tuvimos plena confianza en la profesionalidad y el buen hacer que pon\u00e9is en todo lo que hac\u00e9is.<\/p>\n<p style=\"text-align: justify;\">Todo fue perfecto.<\/p>\n<p style=\"text-align: justify;\">La hacienda, una maravilla. Es un sitio espectacular donde todo el mundo se sinti\u00f3 c\u00f3modo y no qued\u00f3 rinc\u00f3n en el que los invitados no se hicieran una foto.<\/p>\n<p style=\"text-align: justify;\">La comida fue espectacular, todos los invitados nos siguen recordando el show cooking de arroz, los daikiris de fresa, la carne y las hamburguesitas de la recena; y por supuesto, \u00a1el postre!<\/p>\n<p style=\"text-align: justify;\">El servicio fue insuperable, todos los invitados se sintieron muy a gusto, bien tratados, atendidos en todo momento y con un <em>timing<\/em> clavado. Ya nos han recalcado la simpat\u00eda de los camareros en varias ocasiones. De hecho, alguna foto hay por ah\u00ed con la marenga\u2026 jajaja<\/p>\n<p style=\"text-align: justify;\">La m\u00fasica y el DJ, Pablo, tambi\u00e9n fueron insuperables. Hubo de todo y para todos. Hasta tuvimos que poner un autob\u00fas de m\u00e1s porque la gente no paraba de bailar\u2026<\/p>\n<p style=\"text-align: justify;\">Una cosa que puede pasar desapercibida es la limpieza, pero tambi\u00e9n nos gustar\u00eda decir que, aparte de la contribuci\u00f3n del bajo de mi vestido a la limpieza del sal\u00f3n de baile\u2026 todo estaba impecable miraras donde miraras y fuera la hora que fuera.<\/p>\n<p style=\"text-align: justify;\">Y queremos agradecer en especial a nuestra organizadora, Eva, todo lo que hizo por nosotros desde el primer momento. Tiene una alegr\u00eda, una energ\u00eda y una capacidad de organizaci\u00f3n dif\u00edciles de superar. Sabe muy bien qu\u00e9 funciona y qu\u00e9 no, y sin duda dejarnos guiar por ella, fue lo mejor. Siempre estuvo atenta a nosotros, nos trat\u00f3 con much\u00edsimo cari\u00f1o y cercan\u00eda, y, al mismo tiempo, con una gran profesionalidad.<\/p>\n<p style=\"text-align: justify;\">La suma de todos estos factores ha hecho que nuestra boda sea inolvidable no solo para nosotros, sino tambi\u00e9n para nuestros amigos y familiares.<\/p>\n<p>Una vez m\u00e1s, \u00a1gracias!<\/p>\n<p>Con mucho cari\u00f1o,<\/p>\n<p>M.\u00aa del Mar y Enrique<\/p>\n<p>&nbsp;<\/p>\n","protected":false},"excerpt":{"rendered":"<p>Agradecimientos de M\u00aa del Mar y Enrique &#8211; Boda 30\/05\/2015 &#8211; Hacienda del \u00c1lamo M\u00e1laga De: M.d.M.R.N Enviado el: lunes, 06 de julio de 2015 21:49 Para: info@haciendadelalamo.es CC: E.G.P Asunto: Agradecimiento por nuestra Boda (M.\u00aa del Mar y Enrique, 30\/05) \u00a1Hola, chicos! Supongo que seguir\u00e9is liados organizando bodas y haci\u00e9ndoselo pasar bien a la [&hellip;]<\/p>\n","protected":false},"author":2,"featured_media":0,"comment_status":"open","ping_status":"closed","sticky":false,"template":"","format":"standard","meta":{"footnotes":""},"categories":[23],"tags":[],"yoast_head":"<!-- This site is optimized with the Yoast SEO plugin v21.6 - https:\/\/yoast.com\/wordpress\/plugins\/seo\/ -->\n<title>Agradecimientos de M\u00aa del Mar y Enrique - Boda 30\/05\/2015 - Hacienda del Alamo M\u00e1laga | Hacienda del \u00c1lamo<\/title>\n<meta name=\"robots\" content=\"noindex, nofollow\" \/>\n<meta property=\"og:locale\" content=\"es_ES\" \/>\n<meta property=\"og:type\" content=\"article\" \/>\n<meta property=\"og:title\" content=\"Agradecimientos de M\u00aa del Mar y Enrique - Boda 30\/05\/2015 - Hacienda del Alamo M\u00e1laga | Hacienda del \u00c1lamo\" \/>\n<meta property=\"og:description\" content=\"Agradecimientos de M\u00aa del Mar y Enrique &#8211; Boda 30\/05\/2015 &#8211; Hacienda del \u00c1lamo M\u00e1laga De: M.d.M.R.N Enviado el: lunes, 06 de julio de 2015 21:49 Para: info@haciendadelalamo.es CC: E.G.P Asunto: Agradecimiento por nuestra Boda (M.\u00aa del Mar y Enrique, 30\/05) \u00a1Hola, chicos! Supongo que seguir\u00e9is liados organizando bodas y haci\u00e9ndoselo pasar bien a la [&hellip;]\" \/>\n<meta property=\"og:url\" content=\"https:\/\/haciendadelalamo.es\/blog\/agradecimientos-de-ma-del-mar-y-enrique-boda-30052015-hacienda-del-alamo-malaga\/\" \/>\n<meta property=\"og:site_name\" content=\"Hacienda del \u00c1lamo\" \/>\n<meta property=\"article:published_time\" content=\"2015-07-08T10:13:29+00:00\" \/>\n<meta property=\"article:modified_time\" content=\"2023-12-01T08:49:55+00:00\" \/>\n<meta name=\"author\" content=\"Hacienda del Alamo\" \/>\n<meta name=\"twitter:card\" content=\"summary_large_image\" \/>\n<meta name=\"twitter:label1\" content=\"Escrito por\" \/>\n\t<meta name=\"twitter:data1\" content=\"Hacienda del Alamo\" \/>\n\t<meta name=\"twitter:label2\" content=\"Tiempo de lectura\" \/>\n\t<meta name=\"twitter:data2\" content=\"3 minutos\" \/>\n<script type=\"application\/ld+json\" class=\"yoast-schema-graph\">{\"@context\":\"https:\/\/schema.org\",\"@graph\":[{\"@type\":\"Article\",\"@id\":\"https:\/\/haciendadelalamo.es\/blog\/agradecimientos-de-ma-del-mar-y-enrique-boda-30052015-hacienda-del-alamo-malaga\/#article\",\"isPartOf\":{\"@id\":\"https:\/\/haciendadelalamo.es\/blog\/agradecimientos-de-ma-del-mar-y-enrique-boda-30052015-hacienda-del-alamo-malaga\/\"},\"author\":{\"name\":\"Hacienda del Alamo\",\"@id\":\"https:\/\/haciendadelalamo.es\/blog\/#\/schema\/person\/9d53a167b95c1fbb6c06a5fd64d263cb\"},\"headline\":\"Agradecimientos de M\u00aa del Mar y Enrique &#8211; Boda 30\/05\/2015 &#8211; Hacienda del Alamo M\u00e1laga\",\"datePublished\":\"2015-07-08T10:13:29+00:00\",\"dateModified\":\"2023-12-01T08:49:55+00:00\",\"mainEntityOfPage\":{\"@id\":\"https:\/\/haciendadelalamo.es\/blog\/agradecimientos-de-ma-del-mar-y-enrique-boda-30052015-hacienda-del-alamo-malaga\/\"},\"wordCount\":504,\"commentCount\":0,\"publisher\":{\"@id\":\"https:\/\/haciendadelalamo.es\/blog\/#organization\"},\"articleSection\":[\"Opiniones de nuestros clientes\"],\"inLanguage\":\"es\",\"potentialAction\":[{\"@type\":\"CommentAction\",\"name\":\"Comment\",\"target\":[\"https:\/\/haciendadelalamo.es\/blog\/agradecimientos-de-ma-del-mar-y-enrique-boda-30052015-hacienda-del-alamo-malaga\/#respond\"]}]},{\"@type\":\"WebPage\",\"@id\":\"https:\/\/haciendadelalamo.es\/blog\/agradecimientos-de-ma-del-mar-y-enrique-boda-30052015-hacienda-del-alamo-malaga\/\",\"url\":\"https:\/\/haciendadelalamo.es\/blog\/agradecimientos-de-ma-del-mar-y-enrique-boda-30052015-hacienda-del-alamo-malaga\/\",\"name\":\"Agradecimientos de M\u00aa del Mar y Enrique - Boda 30\/05\/2015 - Hacienda del Alamo M\u00e1laga | Hacienda del \u00c1lamo\",\"isPartOf\":{\"@id\":\"https:\/\/haciendadelalamo.es\/blog\/#website\"},\"datePublished\":\"2015-07-08T10:13:29+00:00\",\"dateModified\":\"2023-12-01T08:49:55+00:00\",\"breadcrumb\":{\"@id\":\"https:\/\/haciendadelalamo.es\/blog\/agradecimientos-de-ma-del-mar-y-enrique-boda-30052015-hacienda-del-alamo-malaga\/#breadcrumb\"},\"inLanguage\":\"es\",\"potentialAction\":[{\"@type\":\"ReadAction\",\"target\":[\"https:\/\/haciendadelalamo.es\/blog\/agradecimientos-de-ma-del-mar-y-enrique-boda-30052015-hacienda-del-alamo-malaga\/\"]}]},{\"@type\":\"BreadcrumbList\",\"@id\":\"https:\/\/haciendadelalamo.es\/blog\/agradecimientos-de-ma-del-mar-y-enrique-boda-30052015-hacienda-del-alamo-malaga\/#breadcrumb\",\"itemListElement\":[{\"@type\":\"ListItem\",\"position\":1,\"name\":\"Portada\",\"item\":\"https:\/\/haciendadelalamo.es\/blog\/\"},{\"@type\":\"ListItem\",\"position\":2,\"name\":\"Agradecimientos de M\u00aa del Mar y Enrique &#8211; Boda 30\/05\/2015 &#8211; Hacienda del Alamo M\u00e1laga\"}]},{\"@type\":\"WebSite\",\"@id\":\"https:\/\/haciendadelalamo.es\/blog\/#website\",\"url\":\"https:\/\/haciendadelalamo.es\/blog\/\",\"name\":\"Hacienda del \u00c1lamo\",\"description\":\"Blog\",\"publisher\":{\"@id\":\"https:\/\/haciendadelalamo.es\/blog\/#organization\"},\"potentialAction\":[{\"@type\":\"SearchAction\",\"target\":{\"@type\":\"EntryPoint\",\"urlTemplate\":\"https:\/\/haciendadelalamo.es\/blog\/?s={search_term_string}\"},\"query-input\":\"required name=search_term_string\"}],\"inLanguage\":\"es\"},{\"@type\":\"Organization\",\"@id\":\"https:\/\/haciendadelalamo.es\/blog\/#organization\",\"name\":\"Hacienda del \u00c1lamo\",\"url\":\"https:\/\/haciendadelalamo.es\/blog\/\",\"logo\":{\"@type\":\"ImageObject\",\"inLanguage\":\"es\",\"@id\":\"https:\/\/haciendadelalamo.es\/blog\/#\/schema\/logo\/image\/\",\"url\":\"https:\/\/haciendadelalamo.es\/blog\/wp-content\/uploads\/logo-hacienda-del-alamo.png\",\"contentUrl\":\"https:\/\/haciendadelalamo.es\/blog\/wp-content\/uploads\/logo-hacienda-del-alamo.png\",\"width\":250,\"height\":163,\"caption\":\"Hacienda del \u00c1lamo\"},\"image\":{\"@id\":\"https:\/\/haciendadelalamo.es\/blog\/#\/schema\/logo\/image\/\"}},{\"@type\":\"Person\",\"@id\":\"https:\/\/haciendadelalamo.es\/blog\/#\/schema\/person\/9d53a167b95c1fbb6c06a5fd64d263cb\",\"name\":\"Hacienda del Alamo\",\"image\":{\"@type\":\"ImageObject\",\"inLanguage\":\"es\",\"@id\":\"https:\/\/haciendadelalamo.es\/blog\/#\/schema\/person\/image\/\",\"url\":\"https:\/\/secure.gravatar.com\/avatar\/4c42b2e3bfe1808a2ffd0058abbbc2b9?s=96&d=mm&r=g\",\"contentUrl\":\"https:\/\/secure.gravatar.com\/avatar\/4c42b2e3bfe1808a2ffd0058abbbc2b9?s=96&d=mm&r=g\",\"caption\":\"Hacienda del Alamo\"},\"sameAs\":[\"http:\/\/www.haciendadelalamo.es\"]}]}<\/script>\n<!-- \/ Yoast SEO plugin. -->","yoast_head_json":{"title":"Agradecimientos de M\u00aa del Mar y Enrique - Boda 30\/05\/2015 - Hacienda del Alamo M\u00e1laga | Hacienda del \u00c1lamo","robots":{"index":"noindex","follow":"nofollow"},"og_locale":"es_ES","og_type":"article","og_title":"Agradecimientos de M\u00aa del Mar y Enrique - Boda 30\/05\/2015 - Hacienda del Alamo M\u00e1laga | Hacienda del \u00c1lamo","og_description":"Agradecimientos de M\u00aa del Mar y Enrique &#8211; Boda 30\/05\/2015 &#8211; Hacienda del \u00c1lamo M\u00e1laga De: M.d.M.R.N Enviado el: lunes, 06 de julio de 2015 21:49 Para: info@haciendadelalamo.es CC: E.G.P Asunto: Agradecimiento por nuestra Boda (M.\u00aa del Mar y Enrique, 30\/05) \u00a1Hola, chicos! Supongo que seguir\u00e9is liados organizando bodas y haci\u00e9ndoselo pasar bien a la [&hellip;]","og_url":"https:\/\/haciendadelalamo.es\/blog\/agradecimientos-de-ma-del-mar-y-enrique-boda-30052015-hacienda-del-alamo-malaga\/","og_site_name":"Hacienda del \u00c1lamo","article_published_time":"2015-07-08T10:13:29+00:00","article_modified_time":"2023-12-01T08:49:55+00:00","author":"Hacienda del Alamo","twitter_card":"summary_large_image","twitter_misc":{"Escrito por":"Hacienda del Alamo","Tiempo de lectura":"3 minutos"},"schema":{"@context":"https:\/\/schema.org","@graph":[{"@type":"Article","@id":"https:\/\/haciendadelalamo.es\/blog\/agradecimientos-de-ma-del-mar-y-enrique-boda-30052015-hacienda-del-alamo-malaga\/#article","isPartOf":{"@id":"https:\/\/haciendadelalamo.es\/blog\/agradecimientos-de-ma-del-mar-y-enrique-boda-30052015-hacienda-del-alamo-malaga\/"},"author":{"name":"Hacienda del Alamo","@id":"https:\/\/haciendadelalamo.es\/blog\/#\/schema\/person\/9d53a167b95c1fbb6c06a5fd64d263cb"},"headline":"Agradecimientos de M\u00aa del Mar y Enrique &#8211; Boda 30\/05\/2015 &#8211; Hacienda del Alamo M\u00e1laga","datePublished":"2015-07-08T10:13:29+00:00","dateModified":"2023-12-01T08:49:55+00:00","mainEntityOfPage":{"@id":"https:\/\/haciendadelalamo.es\/blog\/agradecimientos-de-ma-del-mar-y-enrique-boda-30052015-hacienda-del-alamo-malaga\/"},"wordCount":504,"commentCount":0,"publisher":{"@id":"https:\/\/haciendadelalamo.es\/blog\/#organization"},"articleSection":["Opiniones de nuestros clientes"],"inLanguage":"es","potentialAction":[{"@type":"CommentAction","name":"Comment","target":["https:\/\/haciendadelalamo.es\/blog\/agradecimientos-de-ma-del-mar-y-enrique-boda-30052015-hacienda-del-alamo-malaga\/#respond"]}]},{"@type":"WebPage","@id":"https:\/\/haciendadelalamo.es\/blog\/agradecimientos-de-ma-del-mar-y-enrique-boda-30052015-hacienda-del-alamo-malaga\/","url":"https:\/\/haciendadelalamo.es\/blog\/agradecimientos-de-ma-del-mar-y-enrique-boda-30052015-hacienda-del-alamo-malaga\/","name":"Agradecimientos de M\u00aa del Mar y Enrique - Boda 30\/05\/2015 - Hacienda del Alamo M\u00e1laga | Hacienda del \u00c1lamo","isPartOf":{"@id":"https:\/\/haciendadelalamo.es\/blog\/#website"},"datePublished":"2015-07-08T10:13:29+00:00","dateModified":"2023-12-01T08:49:55+00:00","breadcrumb":{"@id":"https:\/\/haciendadelalamo.es\/blog\/agradecimientos-de-ma-del-mar-y-enrique-boda-30052015-hacienda-del-alamo-malaga\/#breadcrumb"},"inLanguage":"es","potentialAction":[{"@type":"ReadAction","target":["https:\/\/haciendadelalamo.es\/blog\/agradecimientos-de-ma-del-mar-y-enrique-boda-30052015-hacienda-del-alamo-malaga\/"]}]},{"@type":"BreadcrumbList","@id":"https:\/\/haciendadelalamo.es\/blog\/agradecimientos-de-ma-del-mar-y-enrique-boda-30052015-hacienda-del-alamo-malaga\/#breadcrumb","itemListElement":[{"@type":"ListItem","position":1,"name":"Portada","item":"https:\/\/haciendadelalamo.es\/blog\/"},{"@type":"ListItem","position":2,"name":"Agradecimientos de M\u00aa del Mar y Enrique &#8211; Boda 30\/05\/2015 &#8211; Hacienda del Alamo M\u00e1laga"}]},{"@type":"WebSite","@id":"https:\/\/haciendadelalamo.es\/blog\/#website","url":"https:\/\/haciendadelalamo.es\/blog\/","name":"Hacienda del \u00c1lamo","description":"Blog","publisher":{"@id":"https:\/\/haciendadelalamo.es\/blog\/#organization"},"potentialAction":[{"@type":"SearchAction","target":{"@type":"EntryPoint","urlTemplate":"https:\/\/haciendadelalamo.es\/blog\/?s={search_term_string}"},"query-input":"required name=search_term_string"}],"inLanguage":"es"},{"@type":"Organization","@id":"https:\/\/haciendadelalamo.es\/blog\/#organization","name":"Hacienda del \u00c1lamo","url":"https:\/\/haciendadelalamo.es\/blog\/","logo":{"@type":"ImageObject","inLanguage":"es","@id":"https:\/\/haciendadelalamo.es\/blog\/#\/schema\/logo\/image\/","url":"https:\/\/haciendadelalamo.es\/blog\/wp-content\/uploads\/logo-hacienda-del-alamo.png","contentUrl":"https:\/\/haciendadelalamo.es\/blog\/wp-content\/uploads\/logo-hacienda-del-alamo.png","width":250,"height":163,"caption":"Hacienda del \u00c1lamo"},"image":{"@id":"https:\/\/haciendadelalamo.es\/blog\/#\/schema\/logo\/image\/"}},{"@type":"Person","@id":"https:\/\/haciendadelalamo.es\/blog\/#\/schema\/person\/9d53a167b95c1fbb6c06a5fd64d263cb","name":"Hacienda del Alamo","image":{"@type":"ImageObject","inLanguage":"es","@id":"https:\/\/haciendadelalamo.es\/blog\/#\/schema\/person\/image\/","url":"https:\/\/secure.gravatar.com\/avatar\/4c42b2e3bfe1808a2ffd0058abbbc2b9?s=96&d=mm&r=g","contentUrl":"https:\/\/secure.gravatar.com\/avatar\/4c42b2e3bfe1808a2ffd0058abbbc2b9?s=96&d=mm&r=g","caption":"Hacienda del Alamo"},"sameAs":["http:\/\/www.haciendadelalamo.es"]}]}},"_links":{"self":[{"href":"https:\/\/haciendadelalamo.es\/blog\/wp-json\/wp\/v2\/posts\/1062"}],"collection":[{"href":"https:\/\/haciendadelalamo.es\/blog\/wp-json\/wp\/v2\/posts"}],"about":[{"href":"https:\/\/haciendadelalamo.es\/blog\/wp-json\/wp\/v2\/types\/post"}],"author":[{"embeddable":true,"href":"https:\/\/haciendadelalamo.es\/blog\/wp-json\/wp\/v2\/users\/2"}],"replies":[{"embeddable":true,"href":"https:\/\/haciendadelalamo.es\/blog\/wp-json\/wp\/v2\/comments?post=1062"}],"version-history":[{"count":3,"href":"https:\/\/haciendadelalamo.es\/blog\/wp-json\/wp\/v2\/posts\/1062\/revisions"}],"predecessor-version":[{"id":1196,"href":"https:\/\/haciendadelalamo.es\/blog\/wp-json\/wp\/v2\/posts\/1062\/revisions\/1196"}],"wp:attachment":[{"href":"https:\/\/haciendadelalamo.es\/blog\/wp-json\/wp\/v2\/media?parent=1062"}],"wp:term":[{"taxonomy":"category","embeddable":true,"href":"https:\/\/haciendadelalamo.es\/blog\/wp-json\/wp\/v2\/categories?post=1062"},{"taxonomy":"post_tag","embeddable":true,"href":"https:\/\/haciendadelalamo.es\/blog\/wp-json\/wp\/v2\/tags?post=1062"}],"curies":[{"name":"wp","href":"https:\/\/api.w.org\/{rel}","templated":true}]}}