{"id":1056,"date":"2015-06-29T20:19:59","date_gmt":"2015-06-29T18:19:59","guid":{"rendered":"http:\/\/www.haciendadelalamo.es\/blog\/?p=1056"},"modified":"2023-12-01T10:50:08","modified_gmt":"2023-12-01T08:50:08","slug":"agradecimiento-de-la-boda-de-lucia-y-kike-sinceros-y-muy-carinosos-muchas-gracias-a-vosotros","status":"publish","type":"post","link":"https:\/\/haciendadelalamo.es\/blog\/agradecimiento-de-la-boda-de-lucia-y-kike-sinceros-y-muy-carinosos-muchas-gracias-a-vosotros\/","title":{"rendered":"Agradecimiento de la Boda de Lucia y Kike!! Sinceros y muy cari\u00f1osos&#8230; Muchas gracias a vosotros!!!"},"content":{"rendered":"<h2>Agradecimiento de la Boda de Lucia y Kike!! Sinceros y muy cari\u00f1osos&#8230; Muchas gracias a vosotros!!!<\/h2>\n<p><strong>De:<\/strong> L.P.P.<br \/>\n<strong>Enviado el:<\/strong> domingo, 28 de junio de 2015 11:24<br \/>\n<strong>Para:<\/strong>\u00a0info@haciendadelalamo.es<br \/>\n<strong>Asunto:<\/strong> Agradecimientos Boda Luc\u00eda y Kike<\/p>\n<p>Buenos d\u00edas Eva,<\/p>\n<p style=\"text-align: justify;\">Es ahora mismo cuando hemos tenido tiempo para sentarnos y darte las gracias como bien merece el trabajo que hab\u00e9is realizado con nosotros.<\/p>\n<p style=\"text-align: justify;\">\u00a0No quer\u00edamos agradec\u00e9rtelo con una palabritas y poco m\u00e1s, por ello nuestra demora.<\/p>\n<p style=\"text-align: justify;\">Eva, sabes que desde que visitamos la hacienda, estuvimos seguros de querer celebrar all\u00ed uno de los d\u00edas m\u00e1s especiales para nosotros. Desde luego, desde el primer momento que nos atendiste, ya nos dimos cuenta que est\u00e1bamos tratando con una gran profesional. Nos llam\u00f3 mucho la atenci\u00f3n cuando literalmente dijiste: va a salir genial, porque conf\u00edo en todo mi equipo, conf\u00edo que todos mis compa\u00f1eros van a currar para que todo salga genial. No todos los sitios te dan esa confianza. Y es muy importante, aunque en muchas ocasiones no te des cuenta, la gran virtud que tienes en tu trabajo. Te gusta y se te da muy muy bien.<\/p>\n<p style=\"text-align: justify;\">\u00a0Lo que m\u00e1s nos llam\u00f3 la atenci\u00f3n era que todo estaba estudiado. Paso que d\u00e1bamos, paso que estabas por delante porque se te ve\u00eda una actitud que sab\u00edas muy bien en cada momento lo que ofrecer.<\/p>\n<p style=\"text-align: justify;\">\u00a0Ese d\u00eda, solemos estar preocupadas con el tiempo que va a hacer. Sabemos c\u00f3mo es M\u00e1laga que de repente empieza a llover. Tampoco preocupaba. El plan B estaba tan estudiado, que realmente ten\u00edamos la tranquilidad que est\u00e1bamos en muy buenas manos.<\/p>\n<p style=\"text-align: justify;\">\u00a0Cuando nos metemos en organizar una boda, lo que m\u00e1s nos importa es que todo salga bien, que todo salga 10. Pero, realmente nosotras no sabemos c\u00f3mo ir organizando todo, lo que se puede poner, lo que no. Y para ello, nos hab\u00e9is guiado much\u00edsimo en la organizaci\u00f3n.<\/p>\n<p style=\"text-align: justify;\">\u00a0Desde la boda, lo que hemos recibido han sido tantas llamadas para decirnos: lo bien que comieron, lo bien que estaba todo secuenciado, que el sitio una maravilla, un sinf\u00edn de comentarios, que te hace pensar que efectivamente, era un sitio 10 (de una escala del 1 al 10).<\/p>\n<p style=\"text-align: justify;\">\u00a0De coraz\u00f3n te decimos, que nos lo pasamos genial, que fue todo estupendamente, y que sigas de esa manera porque nos encant\u00f3 el trato en todo momento.<\/p>\n<p style=\"text-align: justify;\">\u00a0Un besazo,<\/p>\n<p style=\"text-align: justify;\">\u00a0Recuerdo a todos los miembros del equipo porque una vez m\u00e1s ten\u00e9is una pareja encantada con su boda!<\/p>\n<p>\u00a0Luc\u00eda y Kike<\/p>\n<p>PD: a ver cuando podemos vernos para poder ir a la Hacienda<\/p>\n<p>&#8212;<\/p>\n<p>L.P.P<\/p>\n<p>&nbsp;<\/p>\n","protected":false},"excerpt":{"rendered":"<p>Agradecimiento de la Boda de Lucia y Kike!! Sinceros y muy cari\u00f1osos&#8230; Muchas gracias a vosotros!!! De: L.P.P. Enviado el: domingo, 28 de junio de 2015 11:24 Para:\u00a0info@haciendadelalamo.es Asunto: Agradecimientos Boda Luc\u00eda y Kike Buenos d\u00edas Eva, Es ahora mismo cuando hemos tenido tiempo para sentarnos y darte las gracias como bien merece el trabajo [&hellip;]<\/p>\n","protected":false},"author":2,"featured_media":0,"comment_status":"open","ping_status":"closed","sticky":false,"template":"","format":"standard","meta":{"footnotes":""},"categories":[23],"tags":[],"yoast_head":"<!-- This site is optimized with the Yoast SEO plugin v21.6 - https:\/\/yoast.com\/wordpress\/plugins\/seo\/ -->\n<title>Agradecimiento de la Boda de Lucia y Kike!! Sinceros y muy cari\u00f1osos... Muchas gracias a vosotros!!! | Hacienda del \u00c1lamo<\/title>\n<meta name=\"robots\" content=\"noindex, nofollow\" \/>\n<meta property=\"og:locale\" content=\"es_ES\" \/>\n<meta property=\"og:type\" content=\"article\" \/>\n<meta property=\"og:title\" content=\"Agradecimiento de la Boda de Lucia y Kike!! Sinceros y muy cari\u00f1osos... Muchas gracias a vosotros!!! | Hacienda del \u00c1lamo\" \/>\n<meta property=\"og:description\" content=\"Agradecimiento de la Boda de Lucia y Kike!! Sinceros y muy cari\u00f1osos&#8230; Muchas gracias a vosotros!!! De: L.P.P. Enviado el: domingo, 28 de junio de 2015 11:24 Para:\u00a0info@haciendadelalamo.es Asunto: Agradecimientos Boda Luc\u00eda y Kike Buenos d\u00edas Eva, Es ahora mismo cuando hemos tenido tiempo para sentarnos y darte las gracias como bien merece el trabajo [&hellip;]\" \/>\n<meta property=\"og:url\" content=\"https:\/\/haciendadelalamo.es\/blog\/agradecimiento-de-la-boda-de-lucia-y-kike-sinceros-y-muy-carinosos-muchas-gracias-a-vosotros\/\" \/>\n<meta property=\"og:site_name\" content=\"Hacienda del \u00c1lamo\" \/>\n<meta property=\"article:published_time\" content=\"2015-06-29T18:19:59+00:00\" \/>\n<meta property=\"article:modified_time\" content=\"2023-12-01T08:50:08+00:00\" \/>\n<meta name=\"author\" content=\"Hacienda del Alamo\" \/>\n<meta name=\"twitter:card\" content=\"summary_large_image\" \/>\n<meta name=\"twitter:label1\" content=\"Escrito por\" \/>\n\t<meta name=\"twitter:data1\" content=\"Hacienda del Alamo\" \/>\n\t<meta name=\"twitter:label2\" content=\"Tiempo de lectura\" \/>\n\t<meta name=\"twitter:data2\" content=\"2 minutos\" \/>\n<script type=\"application\/ld+json\" class=\"yoast-schema-graph\">{\"@context\":\"https:\/\/schema.org\",\"@graph\":[{\"@type\":\"Article\",\"@id\":\"https:\/\/haciendadelalamo.es\/blog\/agradecimiento-de-la-boda-de-lucia-y-kike-sinceros-y-muy-carinosos-muchas-gracias-a-vosotros\/#article\",\"isPartOf\":{\"@id\":\"https:\/\/haciendadelalamo.es\/blog\/agradecimiento-de-la-boda-de-lucia-y-kike-sinceros-y-muy-carinosos-muchas-gracias-a-vosotros\/\"},\"author\":{\"name\":\"Hacienda del Alamo\",\"@id\":\"https:\/\/haciendadelalamo.es\/blog\/#\/schema\/person\/9d53a167b95c1fbb6c06a5fd64d263cb\"},\"headline\":\"Agradecimiento de la Boda de Lucia y Kike!! Sinceros y muy cari\u00f1osos&#8230; Muchas gracias a vosotros!!!\",\"datePublished\":\"2015-06-29T18:19:59+00:00\",\"dateModified\":\"2023-12-01T08:50:08+00:00\",\"mainEntityOfPage\":{\"@id\":\"https:\/\/haciendadelalamo.es\/blog\/agradecimiento-de-la-boda-de-lucia-y-kike-sinceros-y-muy-carinosos-muchas-gracias-a-vosotros\/\"},\"wordCount\":473,\"commentCount\":0,\"publisher\":{\"@id\":\"https:\/\/haciendadelalamo.es\/blog\/#organization\"},\"articleSection\":[\"Opiniones de nuestros clientes\"],\"inLanguage\":\"es\",\"potentialAction\":[{\"@type\":\"CommentAction\",\"name\":\"Comment\",\"target\":[\"https:\/\/haciendadelalamo.es\/blog\/agradecimiento-de-la-boda-de-lucia-y-kike-sinceros-y-muy-carinosos-muchas-gracias-a-vosotros\/#respond\"]}]},{\"@type\":\"WebPage\",\"@id\":\"https:\/\/haciendadelalamo.es\/blog\/agradecimiento-de-la-boda-de-lucia-y-kike-sinceros-y-muy-carinosos-muchas-gracias-a-vosotros\/\",\"url\":\"https:\/\/haciendadelalamo.es\/blog\/agradecimiento-de-la-boda-de-lucia-y-kike-sinceros-y-muy-carinosos-muchas-gracias-a-vosotros\/\",\"name\":\"Agradecimiento de la Boda de Lucia y Kike!! Sinceros y muy cari\u00f1osos... Muchas gracias a vosotros!!! | Hacienda del \u00c1lamo\",\"isPartOf\":{\"@id\":\"https:\/\/haciendadelalamo.es\/blog\/#website\"},\"datePublished\":\"2015-06-29T18:19:59+00:00\",\"dateModified\":\"2023-12-01T08:50:08+00:00\",\"breadcrumb\":{\"@id\":\"https:\/\/haciendadelalamo.es\/blog\/agradecimiento-de-la-boda-de-lucia-y-kike-sinceros-y-muy-carinosos-muchas-gracias-a-vosotros\/#breadcrumb\"},\"inLanguage\":\"es\",\"potentialAction\":[{\"@type\":\"ReadAction\",\"target\":[\"https:\/\/haciendadelalamo.es\/blog\/agradecimiento-de-la-boda-de-lucia-y-kike-sinceros-y-muy-carinosos-muchas-gracias-a-vosotros\/\"]}]},{\"@type\":\"BreadcrumbList\",\"@id\":\"https:\/\/haciendadelalamo.es\/blog\/agradecimiento-de-la-boda-de-lucia-y-kike-sinceros-y-muy-carinosos-muchas-gracias-a-vosotros\/#breadcrumb\",\"itemListElement\":[{\"@type\":\"ListItem\",\"position\":1,\"name\":\"Portada\",\"item\":\"https:\/\/haciendadelalamo.es\/blog\/\"},{\"@type\":\"ListItem\",\"position\":2,\"name\":\"Agradecimiento de la Boda de Lucia y Kike!! Sinceros y muy cari\u00f1osos&#8230; Muchas gracias a vosotros!!!\"}]},{\"@type\":\"WebSite\",\"@id\":\"https:\/\/haciendadelalamo.es\/blog\/#website\",\"url\":\"https:\/\/haciendadelalamo.es\/blog\/\",\"name\":\"Hacienda del \u00c1lamo\",\"description\":\"Blog\",\"publisher\":{\"@id\":\"https:\/\/haciendadelalamo.es\/blog\/#organization\"},\"potentialAction\":[{\"@type\":\"SearchAction\",\"target\":{\"@type\":\"EntryPoint\",\"urlTemplate\":\"https:\/\/haciendadelalamo.es\/blog\/?s={search_term_string}\"},\"query-input\":\"required name=search_term_string\"}],\"inLanguage\":\"es\"},{\"@type\":\"Organization\",\"@id\":\"https:\/\/haciendadelalamo.es\/blog\/#organization\",\"name\":\"Hacienda del \u00c1lamo\",\"url\":\"https:\/\/haciendadelalamo.es\/blog\/\",\"logo\":{\"@type\":\"ImageObject\",\"inLanguage\":\"es\",\"@id\":\"https:\/\/haciendadelalamo.es\/blog\/#\/schema\/logo\/image\/\",\"url\":\"https:\/\/haciendadelalamo.es\/blog\/wp-content\/uploads\/logo-hacienda-del-alamo.png\",\"contentUrl\":\"https:\/\/haciendadelalamo.es\/blog\/wp-content\/uploads\/logo-hacienda-del-alamo.png\",\"width\":250,\"height\":163,\"caption\":\"Hacienda del \u00c1lamo\"},\"image\":{\"@id\":\"https:\/\/haciendadelalamo.es\/blog\/#\/schema\/logo\/image\/\"}},{\"@type\":\"Person\",\"@id\":\"https:\/\/haciendadelalamo.es\/blog\/#\/schema\/person\/9d53a167b95c1fbb6c06a5fd64d263cb\",\"name\":\"Hacienda del Alamo\",\"image\":{\"@type\":\"ImageObject\",\"inLanguage\":\"es\",\"@id\":\"https:\/\/haciendadelalamo.es\/blog\/#\/schema\/person\/image\/\",\"url\":\"https:\/\/secure.gravatar.com\/avatar\/4c42b2e3bfe1808a2ffd0058abbbc2b9?s=96&d=mm&r=g\",\"contentUrl\":\"https:\/\/secure.gravatar.com\/avatar\/4c42b2e3bfe1808a2ffd0058abbbc2b9?s=96&d=mm&r=g\",\"caption\":\"Hacienda del Alamo\"},\"sameAs\":[\"http:\/\/www.haciendadelalamo.es\"]}]}<\/script>\n<!-- \/ Yoast SEO plugin. -->","yoast_head_json":{"title":"Agradecimiento de la Boda de Lucia y Kike!! Sinceros y muy cari\u00f1osos... Muchas gracias a vosotros!!! | Hacienda del \u00c1lamo","robots":{"index":"noindex","follow":"nofollow"},"og_locale":"es_ES","og_type":"article","og_title":"Agradecimiento de la Boda de Lucia y Kike!! Sinceros y muy cari\u00f1osos... Muchas gracias a vosotros!!! | Hacienda del \u00c1lamo","og_description":"Agradecimiento de la Boda de Lucia y Kike!! Sinceros y muy cari\u00f1osos&#8230; Muchas gracias a vosotros!!! De: L.P.P. Enviado el: domingo, 28 de junio de 2015 11:24 Para:\u00a0info@haciendadelalamo.es Asunto: Agradecimientos Boda Luc\u00eda y Kike Buenos d\u00edas Eva, Es ahora mismo cuando hemos tenido tiempo para sentarnos y darte las gracias como bien merece el trabajo [&hellip;]","og_url":"https:\/\/haciendadelalamo.es\/blog\/agradecimiento-de-la-boda-de-lucia-y-kike-sinceros-y-muy-carinosos-muchas-gracias-a-vosotros\/","og_site_name":"Hacienda del \u00c1lamo","article_published_time":"2015-06-29T18:19:59+00:00","article_modified_time":"2023-12-01T08:50:08+00:00","author":"Hacienda del Alamo","twitter_card":"summary_large_image","twitter_misc":{"Escrito por":"Hacienda del Alamo","Tiempo de lectura":"2 minutos"},"schema":{"@context":"https:\/\/schema.org","@graph":[{"@type":"Article","@id":"https:\/\/haciendadelalamo.es\/blog\/agradecimiento-de-la-boda-de-lucia-y-kike-sinceros-y-muy-carinosos-muchas-gracias-a-vosotros\/#article","isPartOf":{"@id":"https:\/\/haciendadelalamo.es\/blog\/agradecimiento-de-la-boda-de-lucia-y-kike-sinceros-y-muy-carinosos-muchas-gracias-a-vosotros\/"},"author":{"name":"Hacienda del Alamo","@id":"https:\/\/haciendadelalamo.es\/blog\/#\/schema\/person\/9d53a167b95c1fbb6c06a5fd64d263cb"},"headline":"Agradecimiento de la Boda de Lucia y Kike!! Sinceros y muy cari\u00f1osos&#8230; Muchas gracias a vosotros!!!","datePublished":"2015-06-29T18:19:59+00:00","dateModified":"2023-12-01T08:50:08+00:00","mainEntityOfPage":{"@id":"https:\/\/haciendadelalamo.es\/blog\/agradecimiento-de-la-boda-de-lucia-y-kike-sinceros-y-muy-carinosos-muchas-gracias-a-vosotros\/"},"wordCount":473,"commentCount":0,"publisher":{"@id":"https:\/\/haciendadelalamo.es\/blog\/#organization"},"articleSection":["Opiniones de nuestros clientes"],"inLanguage":"es","potentialAction":[{"@type":"CommentAction","name":"Comment","target":["https:\/\/haciendadelalamo.es\/blog\/agradecimiento-de-la-boda-de-lucia-y-kike-sinceros-y-muy-carinosos-muchas-gracias-a-vosotros\/#respond"]}]},{"@type":"WebPage","@id":"https:\/\/haciendadelalamo.es\/blog\/agradecimiento-de-la-boda-de-lucia-y-kike-sinceros-y-muy-carinosos-muchas-gracias-a-vosotros\/","url":"https:\/\/haciendadelalamo.es\/blog\/agradecimiento-de-la-boda-de-lucia-y-kike-sinceros-y-muy-carinosos-muchas-gracias-a-vosotros\/","name":"Agradecimiento de la Boda de Lucia y Kike!! Sinceros y muy cari\u00f1osos... Muchas gracias a vosotros!!! | Hacienda del \u00c1lamo","isPartOf":{"@id":"https:\/\/haciendadelalamo.es\/blog\/#website"},"datePublished":"2015-06-29T18:19:59+00:00","dateModified":"2023-12-01T08:50:08+00:00","breadcrumb":{"@id":"https:\/\/haciendadelalamo.es\/blog\/agradecimiento-de-la-boda-de-lucia-y-kike-sinceros-y-muy-carinosos-muchas-gracias-a-vosotros\/#breadcrumb"},"inLanguage":"es","potentialAction":[{"@type":"ReadAction","target":["https:\/\/haciendadelalamo.es\/blog\/agradecimiento-de-la-boda-de-lucia-y-kike-sinceros-y-muy-carinosos-muchas-gracias-a-vosotros\/"]}]},{"@type":"BreadcrumbList","@id":"https:\/\/haciendadelalamo.es\/blog\/agradecimiento-de-la-boda-de-lucia-y-kike-sinceros-y-muy-carinosos-muchas-gracias-a-vosotros\/#breadcrumb","itemListElement":[{"@type":"ListItem","position":1,"name":"Portada","item":"https:\/\/haciendadelalamo.es\/blog\/"},{"@type":"ListItem","position":2,"name":"Agradecimiento de la Boda de Lucia y Kike!! Sinceros y muy cari\u00f1osos&#8230; Muchas gracias a vosotros!!!"}]},{"@type":"WebSite","@id":"https:\/\/haciendadelalamo.es\/blog\/#website","url":"https:\/\/haciendadelalamo.es\/blog\/","name":"Hacienda del \u00c1lamo","description":"Blog","publisher":{"@id":"https:\/\/haciendadelalamo.es\/blog\/#organization"},"potentialAction":[{"@type":"SearchAction","target":{"@type":"EntryPoint","urlTemplate":"https:\/\/haciendadelalamo.es\/blog\/?s={search_term_string}"},"query-input":"required name=search_term_string"}],"inLanguage":"es"},{"@type":"Organization","@id":"https:\/\/haciendadelalamo.es\/blog\/#organization","name":"Hacienda del \u00c1lamo","url":"https:\/\/haciendadelalamo.es\/blog\/","logo":{"@type":"ImageObject","inLanguage":"es","@id":"https:\/\/haciendadelalamo.es\/blog\/#\/schema\/logo\/image\/","url":"https:\/\/haciendadelalamo.es\/blog\/wp-content\/uploads\/logo-hacienda-del-alamo.png","contentUrl":"https:\/\/haciendadelalamo.es\/blog\/wp-content\/uploads\/logo-hacienda-del-alamo.png","width":250,"height":163,"caption":"Hacienda del \u00c1lamo"},"image":{"@id":"https:\/\/haciendadelalamo.es\/blog\/#\/schema\/logo\/image\/"}},{"@type":"Person","@id":"https:\/\/haciendadelalamo.es\/blog\/#\/schema\/person\/9d53a167b95c1fbb6c06a5fd64d263cb","name":"Hacienda del Alamo","image":{"@type":"ImageObject","inLanguage":"es","@id":"https:\/\/haciendadelalamo.es\/blog\/#\/schema\/person\/image\/","url":"https:\/\/secure.gravatar.com\/avatar\/4c42b2e3bfe1808a2ffd0058abbbc2b9?s=96&d=mm&r=g","contentUrl":"https:\/\/secure.gravatar.com\/avatar\/4c42b2e3bfe1808a2ffd0058abbbc2b9?s=96&d=mm&r=g","caption":"Hacienda del Alamo"},"sameAs":["http:\/\/www.haciendadelalamo.es"]}]}},"_links":{"self":[{"href":"https:\/\/haciendadelalamo.es\/blog\/wp-json\/wp\/v2\/posts\/1056"}],"collection":[{"href":"https:\/\/haciendadelalamo.es\/blog\/wp-json\/wp\/v2\/posts"}],"about":[{"href":"https:\/\/haciendadelalamo.es\/blog\/wp-json\/wp\/v2\/types\/post"}],"author":[{"embeddable":true,"href":"https:\/\/haciendadelalamo.es\/blog\/wp-json\/wp\/v2\/users\/2"}],"replies":[{"embeddable":true,"href":"https:\/\/haciendadelalamo.es\/blog\/wp-json\/wp\/v2\/comments?post=1056"}],"version-history":[{"count":3,"href":"https:\/\/haciendadelalamo.es\/blog\/wp-json\/wp\/v2\/posts\/1056\/revisions"}],"predecessor-version":[{"id":1198,"href":"https:\/\/haciendadelalamo.es\/blog\/wp-json\/wp\/v2\/posts\/1056\/revisions\/1198"}],"wp:attachment":[{"href":"https:\/\/haciendadelalamo.es\/blog\/wp-json\/wp\/v2\/media?parent=1056"}],"wp:term":[{"taxonomy":"category","embeddable":true,"href":"https:\/\/haciendadelalamo.es\/blog\/wp-json\/wp\/v2\/categories?post=1056"},{"taxonomy":"post_tag","embeddable":true,"href":"https:\/\/haciendadelalamo.es\/blog\/wp-json\/wp\/v2\/tags?post=1056"}],"curies":[{"name":"wp","href":"https:\/\/api.w.org\/{rel}","templated":true}]}}